{"id":3127,"date":"2022-06-17T09:39:05","date_gmt":"2022-06-17T12:39:05","guid":{"rendered":"https:\/\/wp.digitaltv.com.ar\/?p=3127"},"modified":"2022-06-18T13:01:47","modified_gmt":"2022-06-18T16:01:47","slug":"el-gobierno-proyecta-crecimiento-del-pbi-del-4-y-una-inflacion-promedio-del-577-para-el-2022","status":"publish","type":"post","link":"https:\/\/news.digitaltv.com.ar\/?p=3127","title":{"rendered":"EL GOBIERNO PROYECTA CRECIMIENTO DEL PBI DEL 4% Y UNA INFLACION PROMEDIO DEL 57,7% PARA EL 2022"},"content":{"rendered":"\n<p>El Gobierno nacional proyecta un crecimiento de la actividad econ\u00f3mica del 4% y una inflaci\u00f3n promedio del 57,4% para 2022, con un rango de entre 52 por ciento y 62 por ciento, precisaron esta tarde fuentes del Ministerio de Econom\u00eda.<\/p>\n\n\n\n<p>Los datos forman parte de la modificaci\u00f3n del Presupuesto prorrogado de 2021, dictada hoy a trav\u00e9s del DNU 331\/2022, que establece tambi\u00e9n un PBI nominal de $ 76,5 billones en pesos corrientes para el 2022.<\/p>\n\n\n\n<p>En esa misma l\u00ednea, se anunciaron cambios en la pol\u00edtica monetaria (con subas de tasas tanto para dep\u00f3sitos a plazo fijo como para cr\u00e9ditos al consumo y a empresas) para incentivar el ahorro en moneda local, descomprimir la presi\u00f3n sobre los precios y potenciar la acumulaci\u00f3n de reservas internacionales en el Banco Central.<\/p>\n\n\n\n<p>&#8220;El objetivo del Gobierno es mantener un crecimiento sostenible y un fortalecimiento de las reservas internacionales. Estos instrumentos y medidas buscan reforzar esos objetivos, d\u00e1ndole consistencia al programa econ\u00f3mico&#8221;, aseguraron en el Palacio de Hacienda.<\/p>\n\n\n\n<p>En lo que respecta al d\u00f3lar, las fuentes dijeron que &#8220;lo m\u00e1s prudente es mantener un tipo de cambio real sin variaciones de gran magnitud&#8221; dado el contexto actual, sin precisar cifras.<\/p>\n\n\n\n<p>La modificaci\u00f3n del Presupuesto est\u00e1 en l\u00ednea con un principio de acuerdo alcanzado con el staff del Fondo Monetario Internacional, de cara a lo que ser\u00e1 la reuni\u00f3n del Directorio del organismo el 24 de junio pr\u00f3ximo, en el que se tratar\u00e1 las la revisi\u00f3n del primer trimestre del programa y eventuales ajustes para el segundo trimestre.<\/p>\n\n\n\n<p>Seg\u00fan explican desde la cartera de Econom\u00eda, el shock de la guerra entre Rusia y Ucrania afect\u00f3 la estacionalidad de gastos y recursos del Gobierno, al adelantar y aumentar los desembolsos para cubrir las importaciones de energ\u00eda, a la vez que ralentiz\u00f3 las ventas de los principales sectores exportadores.<\/p>\n\n\n\n<p>Este cambio adelanta para el segundo trimestre una mayor demanda de gasto p\u00fablico no incluida en el programa original, que incluye, tambi\u00e9n, el refuerzo de ingresos para trabajadores informales para compensar la suba de alimentos.<\/p>\n\n\n\n<p>&#8220;Tenemos una din\u00e1mica de gasto real m\u00e1s alto, antes de lo pensado. Por eso, la pol\u00edtica monetaria y fiscal no puede quedarse quieta si queremos alcanzar tasas reales positivas en el mediano plazo y acumular reservas&#8221;, afirmaron las fuentes.<\/p>\n\n\n\n<p>De todas formas, el Gobierno no modificar\u00e1 las metas cuantitativas anuales que fij\u00f3 con el FMI: una acumulaci\u00f3n de reservas internacionales de US$ 5.800 millones, un nivel de d\u00e9ficit primario equivalente al 2,5% del PBI y un nivel de asistencia monetaria al Tesoro por parte del Banco Central no mayor al 1% del PBI.<\/p>\n\n\n\n<p>&#8220;Las importaciones de energ\u00eda tienen una estacionalidad diferente que afecta el mercado de cambio. Por eso, la readecuaci\u00f3n de la tasa de inter\u00e9s busca generar los incentivos para acumular reservas&#8221;, aseguraron las fuentes.<\/p>\n\n\n\n<p>A\u00fan as\u00ed, manifestaron que el impacto a lo largo del a\u00f1o ser\u00e1 &#8220;neutro&#8221; y que s\u00f3lo se est\u00e1 &#8220;adaptando el presupuesto a un nivel de nominalidad mayor&#8221; y a cambios en la temporalidad del nivel de gasto.<\/p>\n\n\n\n<p>Sobre la meta de inflaci\u00f3n, fijada en 57,7% anual promedio, con un m\u00ednimo de 52% y un m\u00e1ximo de 62%, desde la cartera que conduce Mart\u00edn Guzm\u00e1n admitieron que se trata de &#8220;un objetivo ambicioso&#8221; pero que &#8220;en la medida que la readecuaci\u00f3n de pol\u00edticas econ\u00f3micas surta su efecto, se reduzca la incertidumbre por la guerra y se acumules reservas internacionales, la inflaci\u00f3n tienda a ceder en los pr\u00f3ximos meses&#8221;.<\/p>\n\n\n\n<p>&#8220;De todas formas, si existen desv\u00edos de estas metas, tendremos que readecuarlas&#8221;, reconocieron.<\/p>\n\n\n\n<p>Originalmente, el Programa de Facilidades Extendidas firmado con el FMI establec\u00eda un nivel de inflaci\u00f3n de entre 38 y 48 por ciento para 2022 y un crecimiento del PBI en un rango de entre 4 y 5 por ciento.<\/p>\n","protected":false},"excerpt":{"rendered":"<p>El Gobierno nacional proyecta un crecimiento de la actividad econ\u00f3mica del 4% y una inflaci\u00f3n promedio del 57,4% para 2022, con un rango de entre 52 por ciento y 62 por ciento, precisaron esta tarde fuentes del Ministerio de Econom\u00eda. Los datos forman parte de la modificaci\u00f3n del Presupuesto prorrogado de 2021, dictada hoy a [&hellip;]<\/p>\n","protected":false},"author":1,"featured_media":3128,"comment_status":"open","ping_status":"open","sticky":false,"template":"","format":"standard","meta":{"_monsterinsights_skip_tracking":false,"_monsterinsights_sitenote_active":false,"_monsterinsights_sitenote_note":"","_monsterinsights_sitenote_category":0,"footnotes":""},"categories":[152],"tags":[160],"class_list":["post-3127","post","type-post","status-publish","format-standard","has-post-thumbnail","hentry","category-pergamino","tag-160"],"_links":{"self":[{"href":"https:\/\/news.digitaltv.com.ar\/index.php?rest_route=\/wp\/v2\/posts\/3127","targetHints":{"allow":["GET"]}}],"collection":[{"href":"https:\/\/news.digitaltv.com.ar\/index.php?rest_route=\/wp\/v2\/posts"}],"about":[{"href":"https:\/\/news.digitaltv.com.ar\/index.php?rest_route=\/wp\/v2\/types\/post"}],"author":[{"embeddable":true,"href":"https:\/\/news.digitaltv.com.ar\/index.php?rest_route=\/wp\/v2\/users\/1"}],"replies":[{"embeddable":true,"href":"https:\/\/news.digitaltv.com.ar\/index.php?rest_route=%2Fwp%2Fv2%2Fcomments&post=3127"}],"version-history":[{"count":1,"href":"https:\/\/news.digitaltv.com.ar\/index.php?rest_route=\/wp\/v2\/posts\/3127\/revisions"}],"predecessor-version":[{"id":3129,"href":"https:\/\/news.digitaltv.com.ar\/index.php?rest_route=\/wp\/v2\/posts\/3127\/revisions\/3129"}],"wp:featuredmedia":[{"embeddable":true,"href":"https:\/\/news.digitaltv.com.ar\/index.php?rest_route=\/wp\/v2\/media\/3128"}],"wp:attachment":[{"href":"https:\/\/news.digitaltv.com.ar\/index.php?rest_route=%2Fwp%2Fv2%2Fmedia&parent=3127"}],"wp:term":[{"taxonomy":"category","embeddable":true,"href":"https:\/\/news.digitaltv.com.ar\/index.php?rest_route=%2Fwp%2Fv2%2Fcategories&post=3127"},{"taxonomy":"post_tag","embeddable":true,"href":"https:\/\/news.digitaltv.com.ar\/index.php?rest_route=%2Fwp%2Fv2%2Ftags&post=3127"}],"curies":[{"name":"wp","href":"https:\/\/api.w.org\/{rel}","templated":true}]}}