{"id":3158,"date":"2022-06-19T10:04:10","date_gmt":"2022-06-19T13:04:10","guid":{"rendered":"https:\/\/wp.digitaltv.com.ar\/?p=3158"},"modified":"2022-06-19T10:29:41","modified_gmt":"2022-06-19T13:29:41","slug":"decenas-de-familias-reclamaron-la-extension-de-las-licencias-paternales-frente-al-congreso","status":"publish","type":"post","link":"https:\/\/news.digitaltv.com.ar\/?p=3158","title":{"rendered":"DECENAS DE FAMILIAS RECLAMARON LA EXTENSI\u00d3N DE LAS LICENCIAS PATERNALES FRENTE AL CONGRESO"},"content":{"rendered":"\n<p>Decenas de familias participaron este s\u00e1bado de un festival organizado frente al Congreso de la Naci\u00f3n para reclamar la sanci\u00f3n del proyecto de ley \u201cCuidar en Igualdad\u201d presentado por el Poder Ejecutivo para extender las licencias parentales en Argentina.<\/p>\n\n\n\n<p>Adem\u00e1s del festival organizado frente a la sede del poder legislativo, tambi\u00e9n se realizaron actividades similares en espacios p\u00fablicos de La Plata, Rosario, Rafaela, Viedma y Neuqu\u00e9n entre otras ciudades.<\/p>\n\n\n\n<p>Editoriales de t\u00edtulos infantiles y fabricantes de juguetes did\u00e1cticos montaron una feria en la plaza frente al Congreso, mientras que numerosos ni\u00f1os y ni\u00f1as junto a sus familias se sentaron frente al escenario en el que disfrutaban de diversos espect\u00e1culos.<\/p>\n\n\n\n<p>Mat\u00edas Criado, psic\u00f3logo y pap\u00e1 de dos, cont\u00f3 a T\u00e9lam que \u201cla campa\u00f1a surgi\u00f3 a partir de la experiencia de algunos varones que nos d\u00e1bamos cuenta que la paternidad estaba signada por un obst\u00e1culo importante como es la falta de una licencia a la hora de tener un beb\u00e9; nos d\u00e1bamos cuenta que se acercaba la fecha del nacimiento y ten\u00edamos dos o tres d\u00edas de licencia lo que era muy poco y termin\u00e1bamos juntando vacaciones o licencias sin goce de sueldo para hacer malabares con lo que se pod\u00eda\u201d.<\/p>\n\n\n\n<p>\u201cAdem\u00e1s algunos de nosotros \u00e9ramos monotributistas y no hab\u00eda una buena posibilidad de pensar c\u00f3mo distribuir las tareas de cuidad con una pareja que acaba de parir o pasar por una ces\u00e1rea y que quedaba sola al cuidado de un beb\u00e9 que necesita atenci\u00f3n 24 por 7; y cuando \u00edbamos a trabajar nos encontr\u00e1bamos muy cansados o mal dormidos lo que tambi\u00e9n era un problema\u201d, apunt\u00f3.<\/p>\n\n\n\n<p>Criado cont\u00f3 que \u201chay varias agrupaciones como Varones Desobedientes, Desarmarnos, Varones Recalculando y otros espacios de masculinidades que nos fuimos interpelando en los \u00faltimos a\u00f1os y le fuimos dando forma a esta campa\u00f1a para tratar de que el congreso deje de cajonear proyectos sobre este tema como sucede desde hace 15 a\u00f1os\u201d.<\/p>\n\n\n\n<p>\u201cEl proyecto \u2018Cuidar en Igualdad\u2019 es un proyecto de Ley de avanzada que no s\u00f3lo incluye a los padres en un r\u00e9gimen progresivo de extensi\u00f3n de licencias de los dos d\u00edas actuales a 15 d\u00edas primero y a 90 d\u00edas dentro de ocho a\u00f1os, sino que incluye a monotributistas y aut\u00f3nomos y a familias de la diversidad al reconocer a personas gestantes y no gestantes\u201d, destac\u00f3.<\/p>\n\n\n\n<p>El activista enfatiz\u00f3: \u201csabemos que el proyecto ya fue presentado, pero a\u00fan no tiene fecha de tratamiento, no queremos que suceda como con los proyectos anteriores y entendemos que como es un proyecto del ejecutivo hay numerosos diputados dispuestos a acompa\u00f1arlo y nosotros estamos hoy ac\u00e1 para empujar tambi\u00e9n que se apruebe lo antes posible\u201d.<\/p>\n\n\n\n<p>\u201cEste proyecto no tendr\u00eda una carga nueva para los empleadores porque quedar\u00eda a cargo de la seguridad social, por lo que deber\u00edan verlo como una ayuda y no como un peso\u201d, destac\u00f3.<\/p>\n\n\n\n<p>\u201cEl movimiento de mujeres nos ayuda un mont\u00f3n acompa\u00f1ando e impulsando proyectos como este, tambi\u00e9n otras organizaciones que trabajan con ni\u00f1os, ni\u00f1as y adolescentes tambi\u00e9n se sumaron porque este no es un derecho de los padres, sino de toda la familia\u201d, complet\u00f3 Criado.<\/p>\n\n\n\n<p>De la acci\u00f3n tambi\u00e9n particip\u00f3 la Red de Paternidades Trans que se sum\u00f3 a la Campa\u00f1a Paternar para impulsar la ampliaci\u00f3n de las licencias parentales y visibilizar sus historias y realidades.<\/p>\n\n\n\n<p>Desde Neuqu\u00e9n, el activista y cofundador de la Red de Paternidades Trans de Argentina, Benjam\u00edn G\u00e9nova, dijo a T\u00e9lam que esta tarde se llev\u00f3 adelante en el espacio Pehuenia Cultural de la capital provincial &#8220;un encuentro con proyecciones relacionadas a paternidades, debate, mateada y merienda para las infancias&#8221;.<\/p>\n\n\n\n<p>Adem\u00e1s, se realiz\u00f3 una junta de firmas con la solicitud de ampliaci\u00f3n de las licencias por paternidad.<\/p>\n\n\n\n<p>En R\u00edo Negro, integrantes del Espacio de Masculinidades Viedma y Carmen de Patagones se reunieron esta tarde en la Plazoleta del Fundador frente al Centro Municipal de Cultural viedmense donde realizaron una radio abierta, juegos y talleres para compartir con todas las familias.<\/p>\n\n\n\n<p>En dialogo con T\u00e9lam uno de los organizadores de la actividad e integrante del Colectivo Desarmarnos, Juan Manuel Sosa, se\u00f1al\u00f3 que, \u201cqueremos m\u00e1s d\u00edas para cuidar, queremos que se apruebe el proyecto de Ley presentado por el Poder Ejecutivo Nacional para ampliar las licencias parentales\u201d.<\/p>\n\n\n\n<p>\u201cEs un beneficio para ambos, es quitar un poco de la carga mental que ya viene acumulada de generaci\u00f3n en generaci\u00f3n para las mujeres\u201d, asegur\u00f3.<\/p>\n\n\n\n<p>El integrante del espacio de masculinidades viedmense remarc\u00f3 que el proyecto, \u201cno habla de paternidad ni de maternidad, sino que habla de personas gestantes y no gestantes incluyendo a las disidencias distintos tipos de pareja\u201d.<\/p>\n\n\n\n<p>\u201cNecesitamos como varones tener el tiempo para vincularnos con el cuidado de nuestros hijos, y este proyecto de ley viene a construir una igualdad con nuestras parejas en ese cuidado\u201d, complet\u00f3.<\/p>\n\n\n\n<p>En Rosario la campa\u00f1a se desarroll\u00f3 junto a la tradicional Feria de Artesanos del Bulevar, ubicada en Oro\u00f1o y Rivadavia, a orillas del r\u00edo Paran\u00e1.<\/p>\n\n\n\n<p>La jornada comenz\u00f3 a las 15 con una intervenci\u00f3n p\u00fablica en la que los representantes del programa Paternar recorrieron el parque con carteles con consignas como &#8220;Paternar es cuidar&#8221;, &#8220;Queremos m\u00e1s d\u00edas para cuidar&#8221;, &#8220;Postpaternidades responsables&#8221;; con el objetivo de dialogar con los visitantes que fueron muy receptivos y se acercaron a plantear sus problem\u00e1ticas y sus experiencias en torno a la paternidad.<\/p>\n\n\n\n<p>M\u00e1s tarde, entre los puestos de artesanos se mont\u00f3 una Radio Abierta en la que un panel integrado por coordinadora del programa en Santa Fe, Majo Gerez, Integrante de la organizaci\u00f3n Desarmarnos de Rosario Diego Rivera y el psic\u00f3logo Federico Sartori, abordaron la corresponsabilidad parental en las tareas de cuidados.<\/p>\n\n\n\n<p>Adem\u00e1s, se realiz\u00f3 una instalaci\u00f3n art\u00edstica generada con mensajes que los interesados que se acercaron para informarse, dejaron escritos en cartulinas dedicados a los padres en su d\u00eda.<\/p>\n","protected":false},"excerpt":{"rendered":"<p>Decenas de familias participaron este s\u00e1bado de un festival organizado frente al Congreso de la Naci\u00f3n para reclamar la sanci\u00f3n del proyecto de ley \u201cCuidar en Igualdad\u201d presentado por el Poder Ejecutivo para extender las licencias parentales en Argentina. Adem\u00e1s del festival organizado frente a la sede del poder legislativo, tambi\u00e9n se realizaron actividades similares [&hellip;]<\/p>\n","protected":false},"author":2,"featured_media":3159,"comment_status":"open","ping_status":"open","sticky":false,"template":"","format":"standard","meta":{"_monsterinsights_skip_tracking":false,"_monsterinsights_sitenote_active":false,"_monsterinsights_sitenote_note":"","_monsterinsights_sitenote_category":0,"footnotes":""},"categories":[150],"tags":[160],"class_list":["post-3158","post","type-post","status-publish","format-standard","has-post-thumbnail","hentry","category-actualidad","tag-160"],"_links":{"self":[{"href":"https:\/\/news.digitaltv.com.ar\/index.php?rest_route=\/wp\/v2\/posts\/3158","targetHints":{"allow":["GET"]}}],"collection":[{"href":"https:\/\/news.digitaltv.com.ar\/index.php?rest_route=\/wp\/v2\/posts"}],"about":[{"href":"https:\/\/news.digitaltv.com.ar\/index.php?rest_route=\/wp\/v2\/types\/post"}],"author":[{"embeddable":true,"href":"https:\/\/news.digitaltv.com.ar\/index.php?rest_route=\/wp\/v2\/users\/2"}],"replies":[{"embeddable":true,"href":"https:\/\/news.digitaltv.com.ar\/index.php?rest_route=%2Fwp%2Fv2%2Fcomments&post=3158"}],"version-history":[{"count":1,"href":"https:\/\/news.digitaltv.com.ar\/index.php?rest_route=\/wp\/v2\/posts\/3158\/revisions"}],"predecessor-version":[{"id":3160,"href":"https:\/\/news.digitaltv.com.ar\/index.php?rest_route=\/wp\/v2\/posts\/3158\/revisions\/3160"}],"wp:featuredmedia":[{"embeddable":true,"href":"https:\/\/news.digitaltv.com.ar\/index.php?rest_route=\/wp\/v2\/media\/3159"}],"wp:attachment":[{"href":"https:\/\/news.digitaltv.com.ar\/index.php?rest_route=%2Fwp%2Fv2%2Fmedia&parent=3158"}],"wp:term":[{"taxonomy":"category","embeddable":true,"href":"https:\/\/news.digitaltv.com.ar\/index.php?rest_route=%2Fwp%2Fv2%2Fcategories&post=3158"},{"taxonomy":"post_tag","embeddable":true,"href":"https:\/\/news.digitaltv.com.ar\/index.php?rest_route=%2Fwp%2Fv2%2Ftags&post=3158"}],"curies":[{"name":"wp","href":"https:\/\/api.w.org\/{rel}","templated":true}]}}