{"id":3163,"date":"2022-06-19T10:11:50","date_gmt":"2022-06-19T13:11:50","guid":{"rendered":"https:\/\/wp.digitaltv.com.ar\/?p=3163"},"modified":"2022-06-20T11:30:41","modified_gmt":"2022-06-20T14:30:41","slug":"juntos-por-el-cambio-prepara-reunion-de-su-conduccion-entre-internar-e-inflacion-de-candidatos","status":"publish","type":"post","link":"https:\/\/news.digitaltv.com.ar\/?p=3163","title":{"rendered":"JUNTOS POR EL CAMBIO PREPARA REUNI\u00d3N DE SU CONDUCCI\u00d3N, ENTRE INTERNAR E &#8220;INFLACI\u00d3N&#8221; DE CANDIDATOS"},"content":{"rendered":"\n<p>La coalici\u00f3n opositora Juntos por el Cambio (JxC) se prepara para la pr\u00f3xima reuni\u00f3n de su Mesa Nacional, el 24 de junio en C\u00f3rdoba, en medio de nuevas internas entre los socios y una adelantada proliferaci\u00f3n de candidatos en los distintos distritos.<\/p>\n\n\n\n<p>La conducci\u00f3n de la coalici\u00f3n que conforman la UCR, el PRO, la Coalici\u00f3n C\u00edvica y el Peronismo Republicano est\u00e1 citada a las 10 del pr\u00f3ximo viernes en la Sociedad Rural de la ciudad cordobesa de R\u00edo Cuarto.<\/p>\n\n\n\n<p>Ser\u00e1 la segunda de las reuniones que la oposici\u00f3n est\u00e1 convocando desde su Mesa Nacional para debatir temas espec\u00edficos, y as\u00ed como la t\u00f3nica del primer encuentro fueron las pol\u00edticas sociales, en este caso el eje ser\u00e1 la econom\u00eda y los distintos polos productivos del pa\u00eds.<\/p>\n\n\n\n<p>La oposici\u00f3n llega al encuentro con una &#8220;inflaci\u00f3n&#8221; de candidatos, tal como define con iron\u00eda el radical Mario Negri a la irrupci\u00f3n de postulantes rumbo a las elecciones presidenciales de 2023.<\/p>\n\n\n\n<p>Donde se observa con m\u00e1s intensidad este fen\u00f3meno es en el PRO, donde los grupos de &#8220;halcones&#8221; y &#8220;palomas&#8221; se distribuyen entre las ya lanzadas postulaciones de Patricia Bullrich y de Horacio Rodr\u00edguez Larreta, y la expectativa respecto de si finalmente Mauricio Macri se anotar\u00e1 en la carrera.<\/p>\n\n\n\n<p>Cada uno sigue su manual: Rodr\u00edguez Larreta endureci\u00f3 su discurso y comenz\u00f3 a intensificar las visitas al conurbano bonaerense (el jueves estuvo en Florencio Varela); Patricia Bullrich hizo una gira de campa\u00f1a por Salta en coincidencia con el aniversario por Mart\u00edn Miguel de G\u00fcemes, mientras que Mauricio Macri regresar\u00e1 en las pr\u00f3ximas horas de Qatar.<\/p>\n\n\n\n<p>Tambi\u00e9n juega Mar\u00eda Eugenia Vidal, con menor protagonismo que los dem\u00e1s, pero firme en sus recorridas por todo el pa\u00eds: en los pr\u00f3ximos d\u00edas estar\u00e1 en C\u00f3rdoba, y piensa recorrer 17 provincias durante 2022.<\/p>\n\n\n\n<p>La exgobernadora quiere ser Presidenta, y en su entorno dicen que si no le toca en 2023 se prepara para el 2027; y si se queda ahora afuera de la carrera por la Rosada apuntar\u00eda sus ca\u00f1ones a la lucha para ser Jefa de Gobierno porte\u00f1a.<\/p>\n\n\n\n<p>La &#8220;inflaci\u00f3n&#8221; de candidatos tambi\u00e9n lo tiene entre sus protagonistas al Auditor General de la Naci\u00f3n, Miguel \u00c1ngel Pichetto, quien lanz\u00f3 su postulaci\u00f3n hace un mes y esta semana declar\u00f3 que \u00e9l es el &#8220;mejor preparado&#8221;, para llegar a la Presidencia.<\/p>\n\n\n\n<p>Los radicales tienen otro ritmo y creen que no hay que adelantar tiempos, aunque el gobernador juje\u00f1o Gerardo Morales promete levantar el perfil en las pr\u00f3ximas semanas, tras haber estado en los \u00faltimos d\u00edas en Canad\u00e1, en una feria sobre miner\u00eda.<\/p>\n\n\n\n<p>Quien permanece imperturbable en su agenda y estilo de campa\u00f1a es el neur\u00f3logo Facundo Manes, el otro &#8220;boina blanca&#8221; en carrera presidencial: caminatas por todo el pa\u00eds y encuentros con alumnos y la comunidad educativa dominan su agenda, donde busca no involucrarse en debates de coyuntura.<\/p>\n\n\n\n<p>Por otro lado, reina una sensaci\u00f3n compartida de alivio dentro de Juntos por el Cambio tras los datos de encuestas que hablan de una ca\u00edda en la intenci\u00f3n de voto del postulante libertario Javier Milei, que ven\u00eda comi\u00e9ndole votos por derecha a Cambiemos.<\/p>\n\n\n\n<p>Las declaraciones del l\u00edder de La Libertad Avanza sobre habilitar el comercio de \u00f3rganos y la escasa concurrencia al acto que realiz\u00f3 en la cancha de El Porvenir, adem\u00e1s de las internas puertas adentro de su armado pol\u00edtico, comienzan a deshilachar sus aspiraciones presidenciales.<\/p>\n\n\n\n<p>La provincia de Buenos Aires, en tanto, tambi\u00e9n sigue mostrando este fen\u00f3meno de multiplicaci\u00f3n de candidatos que experimenta Juntos por el Cambio.<\/p>\n\n\n\n<p>Apadrinado por Rodr\u00edguez Larreta, Diego Santilli sigue caminando la provincia con una frecuencia de cuatro o cinco distritos por semana.<\/p>\n\n\n\n<p>Tambi\u00e9n se le anima al distrito m\u00e1s grande del pa\u00eds el diputado Cristian Ritondo, quien recibi\u00f3 esta semana un espaldarazo de su referente nacional: Mar\u00eda Eugenia Vidal.<\/p>\n\n\n\n<p>Y Macri juega con el intendente de Lan\u00fas, N\u00e9stor Grindetti, a quien habilit\u00f3 para caminar el territorio e incluso acompa\u00f1\u00f3 hace algunos d\u00edas en una visita a una casa recuperada al narcotr\u00e1fico en Monte Chingolo.<\/p>\n\n\n\n<p>Mientras esta danza de candidatos se sucede con un movimiento diario, las diferencias en el seno de Juntos por el Cambio entre &#8220;halcones&#8221; y &#8220;palomas&#8221; se siguen manifestando.<\/p>\n\n\n\n<p>La votaci\u00f3n en el Congreso nacional de la norma que prorroga 50 a\u00f1os las asignaciones para industrias culturales volvi\u00f3 a mostrar los matices en el seno opositor.<\/p>\n\n\n\n<p>El sector macrista de los &#8220;halcones&#8221; era partidario de votar en contra el proyecto, lo que gener\u00f3 un duro debate interno.<\/p>\n\n\n\n<p>La cuesti\u00f3n se sald\u00f3 con un mayoritario voto de la oposici\u00f3n por la abstenci\u00f3n, entre ellos la UCR y la Coalici\u00f3n C\u00edvica, y el voto en contra del PRO y los libertarios.<\/p>\n\n\n\n<p>Estos matices volver\u00e1n a encontrarse en la reuni\u00f3n de Juntos por el Cambio de C\u00f3rdoba, donde radicales y &#8220;lilitos&#8221; (Coalici\u00f3n C\u00edvica) suelen coincidir en posturas de centro y moderadas, y chocan con el ala dura del PRO, referenciada en Macri y Patricia Bullrich.<\/p>\n","protected":false},"excerpt":{"rendered":"<p>La coalici\u00f3n opositora Juntos por el Cambio (JxC) se prepara para la pr\u00f3xima reuni\u00f3n de su Mesa Nacional, el 24 de junio en C\u00f3rdoba, en medio de nuevas internas entre los socios y una adelantada proliferaci\u00f3n de candidatos en los distintos distritos. La conducci\u00f3n de la coalici\u00f3n que conforman la UCR, el PRO, la Coalici\u00f3n [&hellip;]<\/p>\n","protected":false},"author":2,"featured_media":3164,"comment_status":"open","ping_status":"open","sticky":false,"template":"","format":"standard","meta":{"_monsterinsights_skip_tracking":false,"_monsterinsights_sitenote_active":false,"_monsterinsights_sitenote_note":"","_monsterinsights_sitenote_category":0,"footnotes":""},"categories":[150],"tags":[160],"class_list":["post-3163","post","type-post","status-publish","format-standard","has-post-thumbnail","hentry","category-actualidad","tag-160"],"_links":{"self":[{"href":"https:\/\/news.digitaltv.com.ar\/index.php?rest_route=\/wp\/v2\/posts\/3163","targetHints":{"allow":["GET"]}}],"collection":[{"href":"https:\/\/news.digitaltv.com.ar\/index.php?rest_route=\/wp\/v2\/posts"}],"about":[{"href":"https:\/\/news.digitaltv.com.ar\/index.php?rest_route=\/wp\/v2\/types\/post"}],"author":[{"embeddable":true,"href":"https:\/\/news.digitaltv.com.ar\/index.php?rest_route=\/wp\/v2\/users\/2"}],"replies":[{"embeddable":true,"href":"https:\/\/news.digitaltv.com.ar\/index.php?rest_route=%2Fwp%2Fv2%2Fcomments&post=3163"}],"version-history":[{"count":1,"href":"https:\/\/news.digitaltv.com.ar\/index.php?rest_route=\/wp\/v2\/posts\/3163\/revisions"}],"predecessor-version":[{"id":3165,"href":"https:\/\/news.digitaltv.com.ar\/index.php?rest_route=\/wp\/v2\/posts\/3163\/revisions\/3165"}],"wp:featuredmedia":[{"embeddable":true,"href":"https:\/\/news.digitaltv.com.ar\/index.php?rest_route=\/wp\/v2\/media\/3164"}],"wp:attachment":[{"href":"https:\/\/news.digitaltv.com.ar\/index.php?rest_route=%2Fwp%2Fv2%2Fmedia&parent=3163"}],"wp:term":[{"taxonomy":"category","embeddable":true,"href":"https:\/\/news.digitaltv.com.ar\/index.php?rest_route=%2Fwp%2Fv2%2Fcategories&post=3163"},{"taxonomy":"post_tag","embeddable":true,"href":"https:\/\/news.digitaltv.com.ar\/index.php?rest_route=%2Fwp%2Fv2%2Ftags&post=3163"}],"curies":[{"name":"wp","href":"https:\/\/api.w.org\/{rel}","templated":true}]}}