{"id":3192,"date":"2022-06-21T08:39:50","date_gmt":"2022-06-21T11:39:50","guid":{"rendered":"https:\/\/wp.digitaltv.com.ar\/?p=3192"},"modified":"2022-06-22T08:25:35","modified_gmt":"2022-06-22T11:25:35","slug":"el-gobierno-provincial-licitara-la-construccion-de-un-importante-tramo-del-ramal-colector-norte-para-continuar-con-los-desagues-pluviales-en-la-ciudad","status":"publish","type":"post","link":"https:\/\/news.digitaltv.com.ar\/?p=3192","title":{"rendered":"EL GOBIERNO PROVINCIAL LICITAR\u00c1 LA CONSTRUCCI\u00d3N DE UN IMPORTANTE TRAMO DEL RAMAL COLECTOR NORTE PARA CONTINUAR CON LOS DESAG\u00dcES PLUVIALES EN LA CIUDAD"},"content":{"rendered":"\n<p>La cosopper envi\u00f3 un comunicado dando la informaci\u00f3n. La misma habia sido requerida en la ultima sesi\u00f3n del concejo deliberante.<\/p>\n\n\n\n<p><strong>REUNI\u00d3N CON AUTORIDADES DE LA DIRECCI\u00d3N DE HIDRA\u00daLICA<\/strong><\/p>\n\n\n\n<p>El jueves 16 de junio, integrantes de COSOPPER (Comisi\u00f3n de Seguimiento de Obras Pluviales de Pergamino), y que adem\u00e1s constituimos la VEEDUR\u00cdA CIUDADANA DE PERGAMINO ante el Ministerio de Infraestructura y Servicios P\u00fablicos de la Provincia de Buenos Aires, mantuvimos una importante reuni\u00f3n con autoridades del organismo provincial para tratar los trabajos que se llevan adelante, tendientes a la construcci\u00f3n de ramales de desag\u00fces en el casco urbano de la ciudad, y el inicio de tareas constructivas de la Presa de Regulaci\u00f3n del Arroyo Pergamino.<\/p>\n\n\n\n<p>De dicha reuni\u00f3n, que se desarroll\u00f3 de forma virtual, participaron el Director Provincial de Hidra\u00falica Ing. Flavio Seiano, el Director T\u00e9cnico de Proyecto Ing. Gustavo Colli, el representante del \u00c1rea de Legales Dr. Juan Manuel Spora, concejales del bloque Frente de Todos Laura Clark y Guillermo Aiello \u2013quienes articulan las reuniones que venimos realizando con funcionarios provinciales- y en representaci\u00f3n de COSOPPER estuvimos Walter Servid\u00eda y Jorge Dauach. El encuentro fue altamente positivo, ya que desde Hidra\u00falica nos confirmaron los avances en la elaboraci\u00f3n del plan de obras, para licitar en los pr\u00f3ximos meses la continuidad de un importante tramo del RAMAL COLECTOR NORTE. Ante este hecho trascendente, consideramos oportuno destacar el compromiso firme y la predisposici\u00f3n del Ing. Flavio Seiano y su equipo t\u00e9cnico, para trabajar junto al pueblo de Pergamino, atender nuestras demandas e impulsar las decisiones pol\u00edticas para lograr la construcci\u00f3n de las obras. Decimos esto, ya que fue necesario recorrer un largo camino que incluy\u00f3 poner el tema en agenda, realizar presentaciones ante el Ministerio de Infraestructura y varias reuniones entre funcionarios provinciales e integrantes de COSOPPER para alcanzar acuerdos y objetivos comunes, de manera de lograr una obra que sea efectiva a los fines de solucionar los anegamientos que se producen en una importante zona de la ciudad.&nbsp;<\/p>\n\n\n\n<p><strong>AVANCES PARA LA LICITACI\u00d3N DEL RAMAL COLECTOR NORTE<\/strong><\/p>\n\n\n\n<p>En relaci\u00f3n a la etapa que se licitar\u00e1, el Ing. Gustavo Colli nos inform\u00f3 sobre las tareas que se est\u00e1n realizando y nos brind\u00f3 una aproximaci\u00f3n sobre los alcances de la misma. En este sentido, la etapa comprender\u00e1 unos 3.000 metros lineales de desag\u00fces pluviales que abarcar\u00e1 los barrios J. Hernandez, Cruce de Caminos, La Amalia, Villa Parque General San Mart\u00edn y Desiderio de la Fuente, extendi\u00e9ndose desde la intersecci\u00f3n de las calles Lugones y Schumacher hasta las inmediaciones del Barrio J. Newbery, y destacando que en la mayor\u00eda de su recorrido, el ramal principal tiene una secci\u00f3n de 5.2 metros de ancho por 1.8 metros de alto, e incluye adem\u00e1s ramales complementarios de menor porte. Todo esto, requerir\u00e1 de una inversi\u00f3n no menor a 1.200 millones de pesos provenientes del presupuesto de la provincia de Buenos Aires.<\/p>\n\n\n\n<p>Con respecto a las tareas, desde la Direcci\u00f3n de Hidra\u00falica se trabaj\u00f3 en estos primeros meses del a\u00f1o en una evaluaci\u00f3n del proyecto existente, esto incluy\u00f3 adem\u00e1s un vuelo sobre la traza proyectada que se efectu\u00f3 a trav\u00e9s de un Dron \u2013cuya filmaci\u00f3n se nos fue remitida- y la verificaci\u00f3n estructural de los ramales; as\u00ed mismo, se espera que en los pr\u00f3ximos d\u00edas un equipo t\u00e9cnico de Hidra\u00falica, visite la ciudad para realizar recorridas en territorio y recabar insumos necesarios para la confecci\u00f3n del pliego licitatorio, de esta manera, a\u00fan se requiere de algunas semanas de trabajo para tener precisiones definitivas sobre la longitud, los plazos de ejecuci\u00f3n, el monto y la fecha del llamado a licitaci\u00f3n. Sin embargo, y una vez terminada la fase t\u00e9cnica, se espera que el llamado a licitaci\u00f3n y su correspondiente acto de apertura de sobres, se pueda realizar antes del mes de octubre de este a\u00f1o.<\/p>\n\n\n\n<p><strong>PRESA DE REGULACI\u00d3N DEL ARROYO PERGAMINO<\/strong><\/p>\n\n\n\n<p>En relaci\u00f3n al inicio de los trabajos para la construcci\u00f3n de la Presa de Regulaci\u00f3n, se nos inform\u00f3 sobre la marcha de las tramitaciones para que el Gobierno Provincial pueda disponer de tres parcelas que sumadas a las dos adquiridas, y las dos con las que se cuenta autorizaci\u00f3n judicial para la toma de posesi\u00f3n, constituyen m\u00e1s del setenta por ciento de la superficie necesaria para construir. Con este porcentaje, la empresa Decavial podr\u00e1 comenzar los trabajos iniciales en territorio y efectuar los primeros movimientos de suelo. En este sentido, se espera finalizar la escrituraci\u00f3n de dos predios donde hubo acuerdo de avenimiento de propietarios, y la autorizaci\u00f3n para tomar posesi\u00f3n de un tercer predio que est\u00e1 en instancia de dep\u00f3sito judicial. La expectativa por parte de la Direcci\u00f3n de Hidra\u00falica es que la empresa Decavial est\u00e9 trabajando en nuestra ciudad en el transcurso del mes pr\u00f3ximo.<\/p>\n\n\n\n<p>Con respecto a las tramitaciones para la adquisici\u00f3n de los predios rurales que lleva adelante el Gobierno Povincial y a trav\u00e9s de la Fiscalia General del Estado de la Provincia de Buenos Aires, vale destacar el acompa\u00f1amiento de los miembros de la Comisi\u00f3n de Obras P\u00fablicas del Honorable Concejo Deliberante, como as\u00ed tambi\u00e9n de la labor desempe\u00f1ada por el Fiscal Pablo Mosca para el caso de los predios que van por la v\u00eda del juicio expropiatorio. As\u00ed mismo, el acompa\u00f1amiento de concejalas y concejales de la Comisi\u00f3n de Obras P\u00fablicas a las acciones que venimos desarrollando los integrantes de COSOPPER.<\/p>\n\n\n\n<p>Por COSOPPER<\/p>\n\n\n\n<p>Julio Hussen, Jorge Dauach y Walter Servid\u00eda<\/p>\n","protected":false},"excerpt":{"rendered":"<p>La cosopper envi\u00f3 un comunicado dando la informaci\u00f3n. La misma habia sido requerida en la ultima sesi\u00f3n del concejo deliberante. REUNI\u00d3N CON AUTORIDADES DE LA DIRECCI\u00d3N DE HIDRA\u00daLICA El jueves 16 de junio, integrantes de COSOPPER (Comisi\u00f3n de Seguimiento de Obras Pluviales de Pergamino), y que adem\u00e1s constituimos la VEEDUR\u00cdA CIUDADANA DE PERGAMINO ante el [&hellip;]<\/p>\n","protected":false},"author":2,"featured_media":3193,"comment_status":"open","ping_status":"open","sticky":false,"template":"","format":"standard","meta":{"_monsterinsights_skip_tracking":false,"_monsterinsights_sitenote_active":false,"_monsterinsights_sitenote_note":"","_monsterinsights_sitenote_category":0,"footnotes":""},"categories":[152],"tags":[169],"class_list":["post-3192","post","type-post","status-publish","format-standard","has-post-thumbnail","hentry","category-pergamino","tag-169"],"_links":{"self":[{"href":"https:\/\/news.digitaltv.com.ar\/index.php?rest_route=\/wp\/v2\/posts\/3192","targetHints":{"allow":["GET"]}}],"collection":[{"href":"https:\/\/news.digitaltv.com.ar\/index.php?rest_route=\/wp\/v2\/posts"}],"about":[{"href":"https:\/\/news.digitaltv.com.ar\/index.php?rest_route=\/wp\/v2\/types\/post"}],"author":[{"embeddable":true,"href":"https:\/\/news.digitaltv.com.ar\/index.php?rest_route=\/wp\/v2\/users\/2"}],"replies":[{"embeddable":true,"href":"https:\/\/news.digitaltv.com.ar\/index.php?rest_route=%2Fwp%2Fv2%2Fcomments&post=3192"}],"version-history":[{"count":1,"href":"https:\/\/news.digitaltv.com.ar\/index.php?rest_route=\/wp\/v2\/posts\/3192\/revisions"}],"predecessor-version":[{"id":3194,"href":"https:\/\/news.digitaltv.com.ar\/index.php?rest_route=\/wp\/v2\/posts\/3192\/revisions\/3194"}],"wp:featuredmedia":[{"embeddable":true,"href":"https:\/\/news.digitaltv.com.ar\/index.php?rest_route=\/wp\/v2\/media\/3193"}],"wp:attachment":[{"href":"https:\/\/news.digitaltv.com.ar\/index.php?rest_route=%2Fwp%2Fv2%2Fmedia&parent=3192"}],"wp:term":[{"taxonomy":"category","embeddable":true,"href":"https:\/\/news.digitaltv.com.ar\/index.php?rest_route=%2Fwp%2Fv2%2Fcategories&post=3192"},{"taxonomy":"post_tag","embeddable":true,"href":"https:\/\/news.digitaltv.com.ar\/index.php?rest_route=%2Fwp%2Fv2%2Ftags&post=3192"}],"curies":[{"name":"wp","href":"https:\/\/api.w.org\/{rel}","templated":true}]}}