{"id":3229,"date":"2022-06-22T10:56:25","date_gmt":"2022-06-22T13:56:25","guid":{"rendered":"https:\/\/wp.digitaltv.com.ar\/?p=3229"},"modified":"2022-06-22T11:02:43","modified_gmt":"2022-06-22T14:02:43","slug":"tras-agotar-tres-luna-park-airbag-toca-en-septiembre-en-la-cancha-en-argentino-juniors","status":"publish","type":"post","link":"https:\/\/news.digitaltv.com.ar\/?p=3229","title":{"rendered":"TRAS AGOTAR TRES LUNA PARK, AIRBAG TOCA EN SEPTIEMBRE EN LA CANCHA EN ARGENTINO JUNIORS"},"content":{"rendered":"\n<p>Tras agotar las localidades para el show ofrecido el pasado 10 de junio y para los conciertos del pr\u00f3ximo 25 y 26 de este mes en el Luna Park, Airbag actuar\u00e1 por primera vez en una cancha de f\u00fatbol cuando se presente el 24 de septiembre en el estadio de Argentinos Juniors, ubicada en el barrio porte\u00f1o de La Paternal.<\/p>\n\n\n\n<p>Ser\u00e1 en el marco de una nueva parada del &#8220;Jinetes Cromados Tour&#8221;, que ya pas\u00f3 por la Plaza de la M\u00fasica, en C\u00f3rdoba, y prev\u00e9 escalas en Mar del Plata, Rosario, Tucum\u00e1n y M\u00e9xico.<\/p>\n\n\n\n<p>La gira forma parte de la presentaci\u00f3n de su \u00faltimo trabajo &#8220;Al parecer todo ha sido una trampa&#8221;, editado en octubre del a\u00f1o pasado, que tiene al tema &#8220;Volver a casa&#8221;, junto a Los Enanitos Verdes como su gran \u00e9xito.<\/p>\n\n\n\n<p>Las entradas para el concierto en Argentinos Juniors estar\u00e1n disponibles a partir del mediod\u00eda de este mi\u00e9rcoles 22 de junio a trav\u00e9s del sitio Ticketportal.<\/p>\n","protected":false},"excerpt":{"rendered":"<p>Tras agotar las localidades para el show ofrecido el pasado 10 de junio y para los conciertos del pr\u00f3ximo 25 y 26 de este mes en el Luna Park, Airbag actuar\u00e1 por primera vez en una cancha de f\u00fatbol cuando se presente el 24 de septiembre en el estadio de Argentinos Juniors, ubicada en el [&hellip;]<\/p>\n","protected":false},"author":1,"featured_media":3230,"comment_status":"open","ping_status":"open","sticky":false,"template":"","format":"standard","meta":{"_monsterinsights_skip_tracking":false,"_monsterinsights_sitenote_active":false,"_monsterinsights_sitenote_note":"","_monsterinsights_sitenote_category":0,"footnotes":""},"categories":[155],"tags":[171],"class_list":["post-3229","post","type-post","status-publish","format-standard","has-post-thumbnail","hentry","category-cultura","tag-171"],"_links":{"self":[{"href":"https:\/\/news.digitaltv.com.ar\/index.php?rest_route=\/wp\/v2\/posts\/3229","targetHints":{"allow":["GET"]}}],"collection":[{"href":"https:\/\/news.digitaltv.com.ar\/index.php?rest_route=\/wp\/v2\/posts"}],"about":[{"href":"https:\/\/news.digitaltv.com.ar\/index.php?rest_route=\/wp\/v2\/types\/post"}],"author":[{"embeddable":true,"href":"https:\/\/news.digitaltv.com.ar\/index.php?rest_route=\/wp\/v2\/users\/1"}],"replies":[{"embeddable":true,"href":"https:\/\/news.digitaltv.com.ar\/index.php?rest_route=%2Fwp%2Fv2%2Fcomments&post=3229"}],"version-history":[{"count":1,"href":"https:\/\/news.digitaltv.com.ar\/index.php?rest_route=\/wp\/v2\/posts\/3229\/revisions"}],"predecessor-version":[{"id":3231,"href":"https:\/\/news.digitaltv.com.ar\/index.php?rest_route=\/wp\/v2\/posts\/3229\/revisions\/3231"}],"wp:featuredmedia":[{"embeddable":true,"href":"https:\/\/news.digitaltv.com.ar\/index.php?rest_route=\/wp\/v2\/media\/3230"}],"wp:attachment":[{"href":"https:\/\/news.digitaltv.com.ar\/index.php?rest_route=%2Fwp%2Fv2%2Fmedia&parent=3229"}],"wp:term":[{"taxonomy":"category","embeddable":true,"href":"https:\/\/news.digitaltv.com.ar\/index.php?rest_route=%2Fwp%2Fv2%2Fcategories&post=3229"},{"taxonomy":"post_tag","embeddable":true,"href":"https:\/\/news.digitaltv.com.ar\/index.php?rest_route=%2Fwp%2Fv2%2Ftags&post=3229"}],"curies":[{"name":"wp","href":"https:\/\/api.w.org\/{rel}","templated":true}]}}