{"id":3428,"date":"2022-07-02T10:53:34","date_gmt":"2022-07-02T13:53:34","guid":{"rendered":"https:\/\/wp.digitaltv.com.ar\/?p=3428"},"modified":"2022-07-03T10:12:24","modified_gmt":"2022-07-03T13:12:24","slug":"el-valor-de-las-tasas-es-una-de-las-principales-preocupaciones-de-los-vecinos","status":"publish","type":"post","link":"https:\/\/news.digitaltv.com.ar\/?p=3428","title":{"rendered":"EL VALOR DE LAS TASAS ES UNA DE LAS PRINCIPALES PREOCUPACIONES DE LOS VECINOS"},"content":{"rendered":"\n<p>As\u00ed lo plantearon los concejales de la oposici\u00f3n el d\u00eda que los vecinos reclamaron por el valor del alumbrado. Piden una nueva f\u00f3rmula.<\/p>\n\n\n\n<p>&nbsp;A pesar de los intentos de los vecinos e incluso una parte de la pol\u00edtica pergaminense el valor de las tasas no se discute, alguna aumentaron un 45% en enero y podr\u00edan subir un 20% mas antes de fin de a\u00f1o.<\/p>\n\n\n\n<p>\u201cen pocos meses se empieza a debatir el presupuesto del pr\u00f3ximo a\u00f1o, pero al presidente de la comisi\u00f3n no le parece importante\u201d relat\u00f3 Leticia Conti haciendo referencia a Maiztegui \u201cpergamino tiene una de las tasas m\u00e1s caras y es una de las principales preocupaciones de los vecinos\u201d.<\/p>\n\n\n\n<p>M\u00e1s all\u00e1 de los reclamos hasta el momento el oficialismo no se hizo eco de esta problem\u00e1tica.<\/p>\n","protected":false},"excerpt":{"rendered":"<p>As\u00ed lo plantearon los concejales de la oposici\u00f3n el d\u00eda que los vecinos reclamaron por el valor del alumbrado. Piden una nueva f\u00f3rmula. &nbsp;A pesar de los intentos de los vecinos e incluso una parte de la pol\u00edtica pergaminense el valor de las tasas no se discute, alguna aumentaron un 45% en enero y podr\u00edan [&hellip;]<\/p>\n","protected":false},"author":2,"featured_media":3429,"comment_status":"open","ping_status":"open","sticky":false,"template":"","format":"standard","meta":{"_monsterinsights_skip_tracking":false,"_monsterinsights_sitenote_active":false,"_monsterinsights_sitenote_note":"","_monsterinsights_sitenote_category":0,"footnotes":""},"categories":[152],"tags":[169],"class_list":["post-3428","post","type-post","status-publish","format-standard","has-post-thumbnail","hentry","category-pergamino","tag-169"],"_links":{"self":[{"href":"https:\/\/news.digitaltv.com.ar\/index.php?rest_route=\/wp\/v2\/posts\/3428","targetHints":{"allow":["GET"]}}],"collection":[{"href":"https:\/\/news.digitaltv.com.ar\/index.php?rest_route=\/wp\/v2\/posts"}],"about":[{"href":"https:\/\/news.digitaltv.com.ar\/index.php?rest_route=\/wp\/v2\/types\/post"}],"author":[{"embeddable":true,"href":"https:\/\/news.digitaltv.com.ar\/index.php?rest_route=\/wp\/v2\/users\/2"}],"replies":[{"embeddable":true,"href":"https:\/\/news.digitaltv.com.ar\/index.php?rest_route=%2Fwp%2Fv2%2Fcomments&post=3428"}],"version-history":[{"count":1,"href":"https:\/\/news.digitaltv.com.ar\/index.php?rest_route=\/wp\/v2\/posts\/3428\/revisions"}],"predecessor-version":[{"id":3430,"href":"https:\/\/news.digitaltv.com.ar\/index.php?rest_route=\/wp\/v2\/posts\/3428\/revisions\/3430"}],"wp:featuredmedia":[{"embeddable":true,"href":"https:\/\/news.digitaltv.com.ar\/index.php?rest_route=\/wp\/v2\/media\/3429"}],"wp:attachment":[{"href":"https:\/\/news.digitaltv.com.ar\/index.php?rest_route=%2Fwp%2Fv2%2Fmedia&parent=3428"}],"wp:term":[{"taxonomy":"category","embeddable":true,"href":"https:\/\/news.digitaltv.com.ar\/index.php?rest_route=%2Fwp%2Fv2%2Fcategories&post=3428"},{"taxonomy":"post_tag","embeddable":true,"href":"https:\/\/news.digitaltv.com.ar\/index.php?rest_route=%2Fwp%2Fv2%2Ftags&post=3428"}],"curies":[{"name":"wp","href":"https:\/\/api.w.org\/{rel}","templated":true}]}}