{"id":3476,"date":"2022-07-04T08:44:42","date_gmt":"2022-07-04T11:44:42","guid":{"rendered":"https:\/\/wp.digitaltv.com.ar\/?p=3476"},"modified":"2022-07-05T09:08:25","modified_gmt":"2022-07-05T12:08:25","slug":"una-nueva-edicion-de-la-feria-gastronomica-caminos-y-sabores-se-realizara-en-la-rural","status":"publish","type":"post","link":"https:\/\/news.digitaltv.com.ar\/?p=3476","title":{"rendered":"UNA NUEVA EDICI\u00d3N DE LA FERIA GASTRON\u00d3MICA &#8220;CAMINOS Y SABORES&#8221; SE REALIZAR\u00c1 EN LA RURAL"},"content":{"rendered":"\n<p>Una nueva edici\u00f3n de la feria gastron\u00f3mica &#8220;Caminos y Sabores&#8221; se realizar\u00e1 desde este jueves en La Rural y tendr\u00e1 el apoyo del Ministerio de Agricultura, Ganader\u00eda y Pesca de la Naci\u00f3n.<\/p>\n\n\n\n<p>El secretario de Relaciones Institucionales Ministerio de Agricultura, Ganader\u00eda y Pesca de la Naci\u00f3n, Jorge Solmi, destac\u00f3 la importancia y relevancia de la feria gastron\u00f3mica &#8220;Caminos y Sabores&#8221; que se realizar\u00e1 desde este jueves en La Rural y que contar\u00e1 con el apoyo del mencionado organismo nacional.<\/p>\n\n\n\n<p>&#8220;Caminos y Sabores demostr\u00f3 tener un contenido federal que indica la riqueza general de producci\u00f3n de alimentos y de transformaci\u00f3n de las materias primas que se obtienen desde cada rinc\u00f3n de la Argentina&#8221;, afirm\u00f3 el funcionario, que hace poco encabez\u00f3 una importante misi\u00f3n comercial en Italia y Espa\u00f1a y mantuvo una entrevista con el Subdirector General de la FAO, Mario Lubetkin, en la sede de la Organizaci\u00f3n Mundial.<\/p>\n\n\n\n<p>Solmi puso como ejemplo &#8220;las diferentes rutas del vino en las cuales estamos trabajando para poder demostrar producci\u00f3n, transformaci\u00f3n, agregado de valor y la hospitalidad de cada una de las regiones a las que el visitante llega&#8221;.<\/p>\n\n\n\n<p>Para el funcionario, el turista que visita una regi\u00f3n &#8220;es un vector de cultura, ya que viene con su propia cultura a conocer otro lugar, aprehende y luego comparte con su familia y amigos en su lugar de origen; es fundamental poder mostrar la riqueza federal que tiene el pa\u00eds&#8221;.<\/p>\n\n\n\n<p>&#8220;No hay una gastronom\u00eda \u00fanica que defina a toda la Argentina, cada regi\u00f3n tiene una riqueza cultural y culinaria inmensa&#8221;, se\u00f1al\u00f3 Solmi, para quien la realizaci\u00f3n de Caminos y Sabores es &#8220;una manera de federalizar las pol\u00edticas p\u00fablicas para hacer posible que, en muchos casos, estos productores puedan llegar a la mesa de cada uno de los argentinos e incluso exportar&#8221;.<\/p>\n\n\n\n<p>Esta 16\u00ba edici\u00f3n contar\u00e1 con nueve &#8220;Caminos&#8221; para recorrer: De las Picadas; los Aceites y Aderezos; las Bebidas; los Frutos de la Tierra; las Infusiones; Tu Cocina; los Dulces; Federal y Turismo y la Tradici\u00f3n.<\/p>\n\n\n\n<p>Desde sus inicios en 2005, la feria &#8220;Caminos y Sabores&#8221; re\u00fane a los productores de alimentos, emprendedores, cocineros y<br>artesanos de todo el pa\u00eds con el objetivo de promocionar, impulsar y fortalecer las distintas identidades regionales.<\/p>\n\n\n\n<p>En su \u00faltima edici\u00f3n, en 2019, convoc\u00f3 a m\u00e1s de 110.000 visitantes, 450 que expositores de todo el pa\u00eds, 224 reuniones en la Ronda de Negocios y cont\u00f3 con 40 chefs en escena.<\/p>\n","protected":false},"excerpt":{"rendered":"<p>Una nueva edici\u00f3n de la feria gastron\u00f3mica &#8220;Caminos y Sabores&#8221; se realizar\u00e1 desde este jueves en La Rural y tendr\u00e1 el apoyo del Ministerio de Agricultura, Ganader\u00eda y Pesca de la Naci\u00f3n. El secretario de Relaciones Institucionales Ministerio de Agricultura, Ganader\u00eda y Pesca de la Naci\u00f3n, Jorge Solmi, destac\u00f3 la importancia y relevancia de la [&hellip;]<\/p>\n","protected":false},"author":2,"featured_media":3477,"comment_status":"open","ping_status":"open","sticky":false,"template":"","format":"standard","meta":{"_monsterinsights_skip_tracking":false,"_monsterinsights_sitenote_active":false,"_monsterinsights_sitenote_note":"","_monsterinsights_sitenote_category":0,"footnotes":""},"categories":[150],"tags":[160],"class_list":["post-3476","post","type-post","status-publish","format-standard","has-post-thumbnail","hentry","category-actualidad","tag-160"],"_links":{"self":[{"href":"https:\/\/news.digitaltv.com.ar\/index.php?rest_route=\/wp\/v2\/posts\/3476","targetHints":{"allow":["GET"]}}],"collection":[{"href":"https:\/\/news.digitaltv.com.ar\/index.php?rest_route=\/wp\/v2\/posts"}],"about":[{"href":"https:\/\/news.digitaltv.com.ar\/index.php?rest_route=\/wp\/v2\/types\/post"}],"author":[{"embeddable":true,"href":"https:\/\/news.digitaltv.com.ar\/index.php?rest_route=\/wp\/v2\/users\/2"}],"replies":[{"embeddable":true,"href":"https:\/\/news.digitaltv.com.ar\/index.php?rest_route=%2Fwp%2Fv2%2Fcomments&post=3476"}],"version-history":[{"count":1,"href":"https:\/\/news.digitaltv.com.ar\/index.php?rest_route=\/wp\/v2\/posts\/3476\/revisions"}],"predecessor-version":[{"id":3478,"href":"https:\/\/news.digitaltv.com.ar\/index.php?rest_route=\/wp\/v2\/posts\/3476\/revisions\/3478"}],"wp:featuredmedia":[{"embeddable":true,"href":"https:\/\/news.digitaltv.com.ar\/index.php?rest_route=\/wp\/v2\/media\/3477"}],"wp:attachment":[{"href":"https:\/\/news.digitaltv.com.ar\/index.php?rest_route=%2Fwp%2Fv2%2Fmedia&parent=3476"}],"wp:term":[{"taxonomy":"category","embeddable":true,"href":"https:\/\/news.digitaltv.com.ar\/index.php?rest_route=%2Fwp%2Fv2%2Fcategories&post=3476"},{"taxonomy":"post_tag","embeddable":true,"href":"https:\/\/news.digitaltv.com.ar\/index.php?rest_route=%2Fwp%2Fv2%2Ftags&post=3476"}],"curies":[{"name":"wp","href":"https:\/\/api.w.org\/{rel}","templated":true}]}}