{"id":3504,"date":"2022-07-05T10:50:29","date_gmt":"2022-07-05T13:50:29","guid":{"rendered":"https:\/\/wp.digitaltv.com.ar\/?p=3504"},"modified":"2022-07-06T14:12:16","modified_gmt":"2022-07-06T17:12:16","slug":"debe-recuperarse-el-salario-real-pero-no-puede-lograrse-en-poquitos-meses-aseguro-batakis","status":"publish","type":"post","link":"https:\/\/news.digitaltv.com.ar\/?p=3504","title":{"rendered":"DEBE RECUPERARSE EL SALARIO REAL PERO NO PUEDE LOGRARSE &#8220;EN POQUITOS MESES&#8221;, ASEGUR\u00d3 BATAKIS"},"content":{"rendered":"\n<p>La flamante ministra de Econom\u00eda, Silvina Batakis, afirm\u00f3 hoy que &#8220;los salarios no son la causa de la inflaci\u00f3n&#8221; y que el prop\u00f3sito del Gobierno es &#8220;no s\u00f3lo recuperar lo perdido (en t\u00e9rminos reales) sino tambi\u00e9n ganar&#8221; poder adquisitivo, aunque advirti\u00f3 que &#8220;eso va a llevar tiempo&#8221;.<\/p>\n\n\n\n<p>&#8220;Va a ser dif\u00edcil y no vamos a recuperar el 100 por ciento de esa p\u00e9rdida en poquitos meses&#8221;, manifest\u00f3 Batakis en El Destape Radio, en declaraciones en las que record\u00f3 que &#8220;en el \u00faltimo a\u00f1o de la gesti\u00f3n anterior, los salarios cayeron much\u00edsimo y la inflaci\u00f3n fue del 54 por ciento&#8221;.<\/p>\n","protected":false},"excerpt":{"rendered":"<p>La flamante ministra de Econom\u00eda, Silvina Batakis, afirm\u00f3 hoy que &#8220;los salarios no son la causa de la inflaci\u00f3n&#8221; y que el prop\u00f3sito del Gobierno es &#8220;no s\u00f3lo recuperar lo perdido (en t\u00e9rminos reales) sino tambi\u00e9n ganar&#8221; poder adquisitivo, aunque advirti\u00f3 que &#8220;eso va a llevar tiempo&#8221;. &#8220;Va a ser dif\u00edcil y no vamos a [&hellip;]<\/p>\n","protected":false},"author":2,"featured_media":3506,"comment_status":"open","ping_status":"open","sticky":false,"template":"","format":"standard","meta":{"_monsterinsights_skip_tracking":false,"_monsterinsights_sitenote_active":false,"_monsterinsights_sitenote_note":"","_monsterinsights_sitenote_category":0,"footnotes":""},"categories":[150],"tags":[160],"class_list":["post-3504","post","type-post","status-publish","format-standard","has-post-thumbnail","hentry","category-actualidad","tag-160"],"_links":{"self":[{"href":"https:\/\/news.digitaltv.com.ar\/index.php?rest_route=\/wp\/v2\/posts\/3504","targetHints":{"allow":["GET"]}}],"collection":[{"href":"https:\/\/news.digitaltv.com.ar\/index.php?rest_route=\/wp\/v2\/posts"}],"about":[{"href":"https:\/\/news.digitaltv.com.ar\/index.php?rest_route=\/wp\/v2\/types\/post"}],"author":[{"embeddable":true,"href":"https:\/\/news.digitaltv.com.ar\/index.php?rest_route=\/wp\/v2\/users\/2"}],"replies":[{"embeddable":true,"href":"https:\/\/news.digitaltv.com.ar\/index.php?rest_route=%2Fwp%2Fv2%2Fcomments&post=3504"}],"version-history":[{"count":1,"href":"https:\/\/news.digitaltv.com.ar\/index.php?rest_route=\/wp\/v2\/posts\/3504\/revisions"}],"predecessor-version":[{"id":3507,"href":"https:\/\/news.digitaltv.com.ar\/index.php?rest_route=\/wp\/v2\/posts\/3504\/revisions\/3507"}],"wp:featuredmedia":[{"embeddable":true,"href":"https:\/\/news.digitaltv.com.ar\/index.php?rest_route=\/wp\/v2\/media\/3506"}],"wp:attachment":[{"href":"https:\/\/news.digitaltv.com.ar\/index.php?rest_route=%2Fwp%2Fv2%2Fmedia&parent=3504"}],"wp:term":[{"taxonomy":"category","embeddable":true,"href":"https:\/\/news.digitaltv.com.ar\/index.php?rest_route=%2Fwp%2Fv2%2Fcategories&post=3504"},{"taxonomy":"post_tag","embeddable":true,"href":"https:\/\/news.digitaltv.com.ar\/index.php?rest_route=%2Fwp%2Fv2%2Ftags&post=3504"}],"curies":[{"name":"wp","href":"https:\/\/api.w.org\/{rel}","templated":true}]}}