{"id":3556,"date":"2022-07-07T10:31:37","date_gmt":"2022-07-07T13:31:37","guid":{"rendered":"https:\/\/wp.digitaltv.com.ar\/?p=3556"},"modified":"2022-07-08T09:13:27","modified_gmt":"2022-07-08T12:13:27","slug":"natalio-nicodermo-sobre-el-pedido-de-urquiza-rueda-primero-que-empiece-por-cumplir-la-prision-en-una-penitenciaria","status":"publish","type":"post","link":"https:\/\/news.digitaltv.com.ar\/?p=3556","title":{"rendered":"NATALIO NICODERMO SOBRE EL PEDIDO DE URQUIZA RUEDA \u201cPRIMERO QUE EMPIECE POR CUMPLIR LA PRISION EN UNA PENITENCIARIA\u201d"},"content":{"rendered":"\n<p>Alejandro Urquiza Rueda realiz\u00f3 el pedido para salidas laborales, la defensa de Vito Otero espera que llegue el pedido formal para rechazarlo.<\/p>\n\n\n\n<p>En los \u00faltimos d\u00edas se conoci\u00f3 la noticia sobre el pedido de salidas laborales que realiz\u00f3 Urquiza Rueda \u201ces obligatorio que nos den traslado a nosotros y a la fiscal\u00eda, \u00e9l pide salir todos los d\u00edas de 8 a 18Hs adjudicando que tiene que estar presente en su empresa en Fontezuela&#8221; aclarando adem\u00e1s que ellos han podido de ver esto en \u201cla sala virtual\u201d.<\/p>\n\n\n\n<p>El abogado espera que se cumpla con los pasos establecidos &#8220;fue condenado, tiene domiciliaria hasta que la condena quede firme, la c\u00e1mara de apelaciones de Jun\u00edn confirm\u00f3 el fallo, prisi\u00f3n de cumplimiento efectivo, la justicia primero debe empezar por cumplir con la prisi\u00f3n en una unidad penitenciaria&#8221; remarc\u00f3.<\/p>\n\n\n\n<p>En los pr\u00f3ximos d\u00edas esperan la notificaci\u00f3n oficial, mientras tanto cumple su condena con prisi\u00f3n domiciliaria controlado con la tobillera.<\/p>\n","protected":false},"excerpt":{"rendered":"<p>Alejandro Urquiza Rueda realiz\u00f3 el pedido para salidas laborales, la defensa de Vito Otero espera que llegue el pedido formal para rechazarlo. En los \u00faltimos d\u00edas se conoci\u00f3 la noticia sobre el pedido de salidas laborales que realiz\u00f3 Urquiza Rueda \u201ces obligatorio que nos den traslado a nosotros y a la fiscal\u00eda, \u00e9l pide salir [&hellip;]<\/p>\n","protected":false},"author":2,"featured_media":3557,"comment_status":"open","ping_status":"open","sticky":false,"template":"","format":"standard","meta":{"_monsterinsights_skip_tracking":false,"_monsterinsights_sitenote_active":false,"_monsterinsights_sitenote_note":"","_monsterinsights_sitenote_category":0,"footnotes":""},"categories":[152],"tags":[169],"class_list":["post-3556","post","type-post","status-publish","format-standard","has-post-thumbnail","hentry","category-pergamino","tag-169"],"_links":{"self":[{"href":"https:\/\/news.digitaltv.com.ar\/index.php?rest_route=\/wp\/v2\/posts\/3556","targetHints":{"allow":["GET"]}}],"collection":[{"href":"https:\/\/news.digitaltv.com.ar\/index.php?rest_route=\/wp\/v2\/posts"}],"about":[{"href":"https:\/\/news.digitaltv.com.ar\/index.php?rest_route=\/wp\/v2\/types\/post"}],"author":[{"embeddable":true,"href":"https:\/\/news.digitaltv.com.ar\/index.php?rest_route=\/wp\/v2\/users\/2"}],"replies":[{"embeddable":true,"href":"https:\/\/news.digitaltv.com.ar\/index.php?rest_route=%2Fwp%2Fv2%2Fcomments&post=3556"}],"version-history":[{"count":1,"href":"https:\/\/news.digitaltv.com.ar\/index.php?rest_route=\/wp\/v2\/posts\/3556\/revisions"}],"predecessor-version":[{"id":3558,"href":"https:\/\/news.digitaltv.com.ar\/index.php?rest_route=\/wp\/v2\/posts\/3556\/revisions\/3558"}],"wp:featuredmedia":[{"embeddable":true,"href":"https:\/\/news.digitaltv.com.ar\/index.php?rest_route=\/wp\/v2\/media\/3557"}],"wp:attachment":[{"href":"https:\/\/news.digitaltv.com.ar\/index.php?rest_route=%2Fwp%2Fv2%2Fmedia&parent=3556"}],"wp:term":[{"taxonomy":"category","embeddable":true,"href":"https:\/\/news.digitaltv.com.ar\/index.php?rest_route=%2Fwp%2Fv2%2Fcategories&post=3556"},{"taxonomy":"post_tag","embeddable":true,"href":"https:\/\/news.digitaltv.com.ar\/index.php?rest_route=%2Fwp%2Fv2%2Ftags&post=3556"}],"curies":[{"name":"wp","href":"https:\/\/api.w.org\/{rel}","templated":true}]}}