{"id":3655,"date":"2022-07-11T11:11:38","date_gmt":"2022-07-11T14:11:38","guid":{"rendered":"https:\/\/wp.digitaltv.com.ar\/?p=3655"},"modified":"2022-07-12T11:21:03","modified_gmt":"2022-07-12T14:21:03","slug":"de-ninguna-manera-esta-en-duda-el-pago-de-la-deuda-en-pesos-afirmo-batakis","status":"publish","type":"post","link":"https:\/\/news.digitaltv.com.ar\/?p=3655","title":{"rendered":"&#8220;DE NINGUNA MANERA EST\u00c1 EN DUDA&#8221; EL PAGO DE LA DEUDA EN PESOS, AFIRM\u00d3 BATAKIS"},"content":{"rendered":"\n<p>La ministra de Econom\u00eda, Silvina Batakis, sostuvo hoy que &#8220;de ninguna manera est\u00e1 en duda que no podamos cumplir nuestras obligaciones en pesos&#8221; y atribuy\u00f3 esos &#8220;rumores&#8221; a &#8220;una malicia muy fuerte en contra de un gobierno que fue elegido por el voto popular&#8221;.<\/p>\n\n\n\n<p>En una conferencia de prensa ofrecida en el Palacio de Hacienda, Batakis record\u00f3 que &#8220;hubo un gobierno que defaulte\u00f3 su deuda en pesos&#8221;, en referencia al de Mauricio Macri, pero que en el actual &#8220;tenemos todos los mecanismos necesarios para que eso no suceda&#8221;.<\/p>\n","protected":false},"excerpt":{"rendered":"<p>La ministra de Econom\u00eda, Silvina Batakis, sostuvo hoy que &#8220;de ninguna manera est\u00e1 en duda que no podamos cumplir nuestras obligaciones en pesos&#8221; y atribuy\u00f3 esos &#8220;rumores&#8221; a &#8220;una malicia muy fuerte en contra de un gobierno que fue elegido por el voto popular&#8221;. En una conferencia de prensa ofrecida en el Palacio de Hacienda, [&hellip;]<\/p>\n","protected":false},"author":2,"featured_media":3658,"comment_status":"open","ping_status":"open","sticky":false,"template":"","format":"standard","meta":{"_monsterinsights_skip_tracking":false,"_monsterinsights_sitenote_active":false,"_monsterinsights_sitenote_note":"","_monsterinsights_sitenote_category":0,"footnotes":""},"categories":[150],"tags":[160],"class_list":["post-3655","post","type-post","status-publish","format-standard","has-post-thumbnail","hentry","category-actualidad","tag-160"],"_links":{"self":[{"href":"https:\/\/news.digitaltv.com.ar\/index.php?rest_route=\/wp\/v2\/posts\/3655","targetHints":{"allow":["GET"]}}],"collection":[{"href":"https:\/\/news.digitaltv.com.ar\/index.php?rest_route=\/wp\/v2\/posts"}],"about":[{"href":"https:\/\/news.digitaltv.com.ar\/index.php?rest_route=\/wp\/v2\/types\/post"}],"author":[{"embeddable":true,"href":"https:\/\/news.digitaltv.com.ar\/index.php?rest_route=\/wp\/v2\/users\/2"}],"replies":[{"embeddable":true,"href":"https:\/\/news.digitaltv.com.ar\/index.php?rest_route=%2Fwp%2Fv2%2Fcomments&post=3655"}],"version-history":[{"count":1,"href":"https:\/\/news.digitaltv.com.ar\/index.php?rest_route=\/wp\/v2\/posts\/3655\/revisions"}],"predecessor-version":[{"id":3657,"href":"https:\/\/news.digitaltv.com.ar\/index.php?rest_route=\/wp\/v2\/posts\/3655\/revisions\/3657"}],"wp:featuredmedia":[{"embeddable":true,"href":"https:\/\/news.digitaltv.com.ar\/index.php?rest_route=\/wp\/v2\/media\/3658"}],"wp:attachment":[{"href":"https:\/\/news.digitaltv.com.ar\/index.php?rest_route=%2Fwp%2Fv2%2Fmedia&parent=3655"}],"wp:term":[{"taxonomy":"category","embeddable":true,"href":"https:\/\/news.digitaltv.com.ar\/index.php?rest_route=%2Fwp%2Fv2%2Fcategories&post=3655"},{"taxonomy":"post_tag","embeddable":true,"href":"https:\/\/news.digitaltv.com.ar\/index.php?rest_route=%2Fwp%2Fv2%2Ftags&post=3655"}],"curies":[{"name":"wp","href":"https:\/\/api.w.org\/{rel}","templated":true}]}}