{"id":3776,"date":"2022-07-16T10:31:06","date_gmt":"2022-07-16T13:31:06","guid":{"rendered":"https:\/\/wp.digitaltv.com.ar\/?p=3776"},"modified":"2022-07-17T10:09:15","modified_gmt":"2022-07-17T13:09:15","slug":"pergamino-un-destino-para-espacapdas-en-vacaciones-de-invierno","status":"publish","type":"post","link":"https:\/\/news.digitaltv.com.ar\/?p=3776","title":{"rendered":"PERGAMINO UN DESTINO PARA ESPACAPADAS EN VACACIONES DE INVIERNO"},"content":{"rendered":"\n<p>Comienzan las vacaciones de invierno y la agenda municipal se copa con actividades gratuitas y aranceladas.<\/p>\n\n\n\n<p>Romina Viale est\u00e1 a cargo del \u00e1rea de turismo y desde el sector buscan fortalecer a la ciudad como un punto tur\u00edstico de \u201cescapadas\u201d y es por eso que la funcionaria destac\u00f3 que&nbsp; &#8220;estamos todo el tiempo en contacto con ciudades vecinas, son similares y esto enriquece el trabajo&#8221;.<\/p>\n\n\n\n<p>En cuanto a lo que se puede hacer destaca que &#8220;tenemos mucho atractivo con historia, como por ejemplo Mariano Ben\u00edtez, la casa de Illia, Pe\u00f1a, Pergamino tiene una riqueza cultural muy importante, estamos haciendo un relevamiento, en la semana hay turismo agropecuario, pero los fines de semana vienen desde el sur de Santa Fe y de las localidades cercanas&#8221;.<\/p>\n\n\n\n<p>Para los pr\u00f3ximos d\u00edas se esperan promos especiales en las cafeter\u00edas \u201cpara que despu\u00e9s de ver los espect\u00e1culos o realizar actividades puedan disfrutar de una merienda\u201d finaliz\u00f3.<\/p>\n","protected":false},"excerpt":{"rendered":"<p>Comienzan las vacaciones de invierno y la agenda municipal se copa con actividades gratuitas y aranceladas. Romina Viale est\u00e1 a cargo del \u00e1rea de turismo y desde el sector buscan fortalecer a la ciudad como un punto tur\u00edstico de \u201cescapadas\u201d y es por eso que la funcionaria destac\u00f3 que&nbsp; &#8220;estamos todo el tiempo en contacto [&hellip;]<\/p>\n","protected":false},"author":2,"featured_media":3777,"comment_status":"open","ping_status":"open","sticky":false,"template":"","format":"standard","meta":{"_monsterinsights_skip_tracking":false,"_monsterinsights_sitenote_active":false,"_monsterinsights_sitenote_note":"","_monsterinsights_sitenote_category":0,"footnotes":""},"categories":[152],"tags":[169],"class_list":["post-3776","post","type-post","status-publish","format-standard","has-post-thumbnail","hentry","category-pergamino","tag-169"],"_links":{"self":[{"href":"https:\/\/news.digitaltv.com.ar\/index.php?rest_route=\/wp\/v2\/posts\/3776","targetHints":{"allow":["GET"]}}],"collection":[{"href":"https:\/\/news.digitaltv.com.ar\/index.php?rest_route=\/wp\/v2\/posts"}],"about":[{"href":"https:\/\/news.digitaltv.com.ar\/index.php?rest_route=\/wp\/v2\/types\/post"}],"author":[{"embeddable":true,"href":"https:\/\/news.digitaltv.com.ar\/index.php?rest_route=\/wp\/v2\/users\/2"}],"replies":[{"embeddable":true,"href":"https:\/\/news.digitaltv.com.ar\/index.php?rest_route=%2Fwp%2Fv2%2Fcomments&post=3776"}],"version-history":[{"count":2,"href":"https:\/\/news.digitaltv.com.ar\/index.php?rest_route=\/wp\/v2\/posts\/3776\/revisions"}],"predecessor-version":[{"id":3779,"href":"https:\/\/news.digitaltv.com.ar\/index.php?rest_route=\/wp\/v2\/posts\/3776\/revisions\/3779"}],"wp:featuredmedia":[{"embeddable":true,"href":"https:\/\/news.digitaltv.com.ar\/index.php?rest_route=\/wp\/v2\/media\/3777"}],"wp:attachment":[{"href":"https:\/\/news.digitaltv.com.ar\/index.php?rest_route=%2Fwp%2Fv2%2Fmedia&parent=3776"}],"wp:term":[{"taxonomy":"category","embeddable":true,"href":"https:\/\/news.digitaltv.com.ar\/index.php?rest_route=%2Fwp%2Fv2%2Fcategories&post=3776"},{"taxonomy":"post_tag","embeddable":true,"href":"https:\/\/news.digitaltv.com.ar\/index.php?rest_route=%2Fwp%2Fv2%2Ftags&post=3776"}],"curies":[{"name":"wp","href":"https:\/\/api.w.org\/{rel}","templated":true}]}}