{"id":3783,"date":"2022-07-17T09:53:25","date_gmt":"2022-07-17T12:53:25","guid":{"rendered":"https:\/\/wp.digitaltv.com.ar\/?p=3783"},"modified":"2022-07-17T10:08:40","modified_gmt":"2022-07-17T13:08:40","slug":"el-bcra-se-presenta-en-tecnopolis-con-un-eje-de-la-inclusion-y-la-educacion-financiera","status":"publish","type":"post","link":"https:\/\/news.digitaltv.com.ar\/?p=3783","title":{"rendered":"EL BCRA SE PRESENTA EN TECN\u00d3POLIS CON UN EJE DE LA INCLUSI\u00d3N Y LA EDUCACI\u00d3N FINANCIERA"},"content":{"rendered":"\n<p>El Banco Central de la Rep\u00fablica Argentina (BCRA) estar\u00e1 presente en Tecn\u00f3polis durante las vacaciones de invierno, de mi\u00e9rcoles a domingos de 12 a 19, con actividades para personas de todas las edades sobre inclusi\u00f3n y educaci\u00f3n financiera.<\/p>\n\n\n\n<p>El lema del a\u00f1o del BCRA ser\u00e1 \u201cM\u00e1s educaci\u00f3n financiera para una Argentina inclusiva\u201d, donde el espacio contar\u00e1 con informaci\u00f3n sobre las herramientas, derechos y beneficios que ofrece el sistema financiero.<\/p>\n\n\n\n<p>Las actividades del BCRA estar\u00e1n orientadas a personas de todas las edades, con recorridos por las distintas tem\u00e1ticas, destac\u00f3 el comunicado de prensa del BCRA.<\/p>\n\n\n\n<p>Algunas de las propuestas ser\u00e1n: simulaci\u00f3n de pagos por transferencias, escanear c\u00f3digos QR para pagos y jugar en la trivia del BCRA para afianzar conceptos sobre herramientas de ahorro, seguridad y derechos de las personas usuarias financieras.<\/p>\n\n\n\n<p>Adem\u00e1s de estar presente en las vacaciones de invierno, tambi\u00e9n podr\u00e1 visitarse a partir del 4 de agosto hasta el 23 de octubre, de jueves a viernes de 10 a 18, y de s\u00e1bados a domingos de 12 a 19, con entrada libre y gratuita.<\/p>\n\n\n\n<p>Para m\u00e1s informaci\u00f3n se puede acceder a la p\u00e1gina web del BCRA https:\/\/www.bcra.gob.ar\/BCRAyVos\/Tecnopolis-2022.asp<\/p>\n","protected":false},"excerpt":{"rendered":"<p>El Banco Central de la Rep\u00fablica Argentina (BCRA) estar\u00e1 presente en Tecn\u00f3polis durante las vacaciones de invierno, de mi\u00e9rcoles a domingos de 12 a 19, con actividades para personas de todas las edades sobre inclusi\u00f3n y educaci\u00f3n financiera. El lema del a\u00f1o del BCRA ser\u00e1 \u201cM\u00e1s educaci\u00f3n financiera para una Argentina inclusiva\u201d, donde el espacio [&hellip;]<\/p>\n","protected":false},"author":2,"featured_media":3784,"comment_status":"open","ping_status":"open","sticky":false,"template":"","format":"standard","meta":{"_monsterinsights_skip_tracking":false,"_monsterinsights_sitenote_active":false,"_monsterinsights_sitenote_note":"","_monsterinsights_sitenote_category":0,"footnotes":""},"categories":[150],"tags":[160],"class_list":["post-3783","post","type-post","status-publish","format-standard","has-post-thumbnail","hentry","category-actualidad","tag-160"],"_links":{"self":[{"href":"https:\/\/news.digitaltv.com.ar\/index.php?rest_route=\/wp\/v2\/posts\/3783","targetHints":{"allow":["GET"]}}],"collection":[{"href":"https:\/\/news.digitaltv.com.ar\/index.php?rest_route=\/wp\/v2\/posts"}],"about":[{"href":"https:\/\/news.digitaltv.com.ar\/index.php?rest_route=\/wp\/v2\/types\/post"}],"author":[{"embeddable":true,"href":"https:\/\/news.digitaltv.com.ar\/index.php?rest_route=\/wp\/v2\/users\/2"}],"replies":[{"embeddable":true,"href":"https:\/\/news.digitaltv.com.ar\/index.php?rest_route=%2Fwp%2Fv2%2Fcomments&post=3783"}],"version-history":[{"count":1,"href":"https:\/\/news.digitaltv.com.ar\/index.php?rest_route=\/wp\/v2\/posts\/3783\/revisions"}],"predecessor-version":[{"id":3785,"href":"https:\/\/news.digitaltv.com.ar\/index.php?rest_route=\/wp\/v2\/posts\/3783\/revisions\/3785"}],"wp:featuredmedia":[{"embeddable":true,"href":"https:\/\/news.digitaltv.com.ar\/index.php?rest_route=\/wp\/v2\/media\/3784"}],"wp:attachment":[{"href":"https:\/\/news.digitaltv.com.ar\/index.php?rest_route=%2Fwp%2Fv2%2Fmedia&parent=3783"}],"wp:term":[{"taxonomy":"category","embeddable":true,"href":"https:\/\/news.digitaltv.com.ar\/index.php?rest_route=%2Fwp%2Fv2%2Fcategories&post=3783"},{"taxonomy":"post_tag","embeddable":true,"href":"https:\/\/news.digitaltv.com.ar\/index.php?rest_route=%2Fwp%2Fv2%2Ftags&post=3783"}],"curies":[{"name":"wp","href":"https:\/\/api.w.org\/{rel}","templated":true}]}}