{"id":3850,"date":"2022-07-20T12:01:29","date_gmt":"2022-07-20T15:01:29","guid":{"rendered":"https:\/\/wp.digitaltv.com.ar\/?p=3850"},"modified":"2022-07-20T12:01:50","modified_gmt":"2022-07-20T15:01:50","slug":"vizzotti-anuncio-que-ell-viernes-llegan-vacunas-contra-el-coronavirus-para-ninos-desde-6-meses","status":"publish","type":"post","link":"https:\/\/news.digitaltv.com.ar\/?p=3850","title":{"rendered":"VIZZOTTI ANUNCI\u00d3 QUE ELL VIERNES LLEGAN VACUNAS CONTRA EL CORONAVIRUS PARA NI\u00d1OS DESDE 6 MESES"},"content":{"rendered":"\n<p>La ministra de Salud, Carla Vizzotti, anunci\u00f3 hoy que el viernes a la ma\u00f1ana llegar\u00e1 al pa\u00eds una primera entrega de 2,7 millones de vacunas contra el coronavirus para iniciar el esquema para los ni\u00f1os y ni\u00f1as a partir de 6 meses.<\/p>\n\n\n\n<p>As\u00ed lo inform\u00f3 en rueda de prensa en Casa de Gobierno tras la reuni\u00f3n de gabinete que encabez\u00f3 Juan Manzur.<\/p>\n","protected":false},"excerpt":{"rendered":"<p>La ministra de Salud, Carla Vizzotti, anunci\u00f3 hoy que el viernes a la ma\u00f1ana llegar\u00e1 al pa\u00eds una primera entrega de 2,7 millones de vacunas contra el coronavirus para iniciar el esquema para los ni\u00f1os y ni\u00f1as a partir de 6 meses. As\u00ed lo inform\u00f3 en rueda de prensa en Casa de Gobierno tras la [&hellip;]<\/p>\n","protected":false},"author":1,"featured_media":3851,"comment_status":"open","ping_status":"open","sticky":false,"template":"","format":"standard","meta":{"_monsterinsights_skip_tracking":false,"_monsterinsights_sitenote_active":false,"_monsterinsights_sitenote_note":"","_monsterinsights_sitenote_category":0,"footnotes":""},"categories":[151],"tags":[160],"class_list":["post-3850","post","type-post","status-publish","format-standard","has-post-thumbnail","hentry","category-salud","tag-160"],"_links":{"self":[{"href":"https:\/\/news.digitaltv.com.ar\/index.php?rest_route=\/wp\/v2\/posts\/3850","targetHints":{"allow":["GET"]}}],"collection":[{"href":"https:\/\/news.digitaltv.com.ar\/index.php?rest_route=\/wp\/v2\/posts"}],"about":[{"href":"https:\/\/news.digitaltv.com.ar\/index.php?rest_route=\/wp\/v2\/types\/post"}],"author":[{"embeddable":true,"href":"https:\/\/news.digitaltv.com.ar\/index.php?rest_route=\/wp\/v2\/users\/1"}],"replies":[{"embeddable":true,"href":"https:\/\/news.digitaltv.com.ar\/index.php?rest_route=%2Fwp%2Fv2%2Fcomments&post=3850"}],"version-history":[{"count":1,"href":"https:\/\/news.digitaltv.com.ar\/index.php?rest_route=\/wp\/v2\/posts\/3850\/revisions"}],"predecessor-version":[{"id":3852,"href":"https:\/\/news.digitaltv.com.ar\/index.php?rest_route=\/wp\/v2\/posts\/3850\/revisions\/3852"}],"wp:featuredmedia":[{"embeddable":true,"href":"https:\/\/news.digitaltv.com.ar\/index.php?rest_route=\/wp\/v2\/media\/3851"}],"wp:attachment":[{"href":"https:\/\/news.digitaltv.com.ar\/index.php?rest_route=%2Fwp%2Fv2%2Fmedia&parent=3850"}],"wp:term":[{"taxonomy":"category","embeddable":true,"href":"https:\/\/news.digitaltv.com.ar\/index.php?rest_route=%2Fwp%2Fv2%2Fcategories&post=3850"},{"taxonomy":"post_tag","embeddable":true,"href":"https:\/\/news.digitaltv.com.ar\/index.php?rest_route=%2Fwp%2Fv2%2Ftags&post=3850"}],"curies":[{"name":"wp","href":"https:\/\/api.w.org\/{rel}","templated":true}]}}