{"id":3876,"date":"2022-07-21T14:23:12","date_gmt":"2022-07-21T17:23:12","guid":{"rendered":"https:\/\/wp.digitaltv.com.ar\/?p=3876"},"modified":"2022-07-22T12:03:05","modified_gmt":"2022-07-22T15:03:05","slug":"fideo-fino-llego-a-la-biblioteca-menendez","status":"publish","type":"post","link":"https:\/\/news.digitaltv.com.ar\/?p=3876","title":{"rendered":"FIDEO FINO LLEG\u00d3 A LA BIBLIOTECA MENENDEZ"},"content":{"rendered":"\n<p>El espect\u00e1culo de Fideo Fino est\u00e1 en la biblioteca todos los d\u00edas 16Hs, el espect\u00e1culo con 16 a\u00f1os de trayectoria estar\u00e1 en cartelera hasta el pr\u00f3ximo martes.<\/p>\n\n\n\n<p>Fideo Fino est\u00e1 estrenando casa e invita a todos a ver su nuevo espect\u00e1culo \u201ces una sala con 100 localidades, estamos agotando, este a\u00f1o es m\u00e1s corto para nosotros, estamos hasta el martes\u201d.<\/p>\n\n\n\n<p>&nbsp;Con gran experiencia en el rubro destaca lo din\u00e1mico de trabajar con chicos \u201ces un p\u00fablico que siempre interact\u00faa\u201d es importante para quienes quieren ir que se acerquen a la boleter\u00eda una hora antes para reservar su entrada o ir con un d\u00eda de anticipaci\u00f3n.<\/p>\n","protected":false},"excerpt":{"rendered":"<p>El espect\u00e1culo de Fideo Fino est\u00e1 en la biblioteca todos los d\u00edas 16Hs, el espect\u00e1culo con 16 a\u00f1os de trayectoria estar\u00e1 en cartelera hasta el pr\u00f3ximo martes. Fideo Fino est\u00e1 estrenando casa e invita a todos a ver su nuevo espect\u00e1culo \u201ces una sala con 100 localidades, estamos agotando, este a\u00f1o es m\u00e1s corto para [&hellip;]<\/p>\n","protected":false},"author":2,"featured_media":3877,"comment_status":"open","ping_status":"open","sticky":false,"template":"","format":"standard","meta":{"_monsterinsights_skip_tracking":false,"_monsterinsights_sitenote_active":false,"_monsterinsights_sitenote_note":"","_monsterinsights_sitenote_category":0,"footnotes":""},"categories":[155],"tags":[159],"class_list":["post-3876","post","type-post","status-publish","format-standard","has-post-thumbnail","hentry","category-cultura","tag-159"],"_links":{"self":[{"href":"https:\/\/news.digitaltv.com.ar\/index.php?rest_route=\/wp\/v2\/posts\/3876","targetHints":{"allow":["GET"]}}],"collection":[{"href":"https:\/\/news.digitaltv.com.ar\/index.php?rest_route=\/wp\/v2\/posts"}],"about":[{"href":"https:\/\/news.digitaltv.com.ar\/index.php?rest_route=\/wp\/v2\/types\/post"}],"author":[{"embeddable":true,"href":"https:\/\/news.digitaltv.com.ar\/index.php?rest_route=\/wp\/v2\/users\/2"}],"replies":[{"embeddable":true,"href":"https:\/\/news.digitaltv.com.ar\/index.php?rest_route=%2Fwp%2Fv2%2Fcomments&post=3876"}],"version-history":[{"count":1,"href":"https:\/\/news.digitaltv.com.ar\/index.php?rest_route=\/wp\/v2\/posts\/3876\/revisions"}],"predecessor-version":[{"id":3878,"href":"https:\/\/news.digitaltv.com.ar\/index.php?rest_route=\/wp\/v2\/posts\/3876\/revisions\/3878"}],"wp:featuredmedia":[{"embeddable":true,"href":"https:\/\/news.digitaltv.com.ar\/index.php?rest_route=\/wp\/v2\/media\/3877"}],"wp:attachment":[{"href":"https:\/\/news.digitaltv.com.ar\/index.php?rest_route=%2Fwp%2Fv2%2Fmedia&parent=3876"}],"wp:term":[{"taxonomy":"category","embeddable":true,"href":"https:\/\/news.digitaltv.com.ar\/index.php?rest_route=%2Fwp%2Fv2%2Fcategories&post=3876"},{"taxonomy":"post_tag","embeddable":true,"href":"https:\/\/news.digitaltv.com.ar\/index.php?rest_route=%2Fwp%2Fv2%2Ftags&post=3876"}],"curies":[{"name":"wp","href":"https:\/\/api.w.org\/{rel}","templated":true}]}}