{"id":3910,"date":"2022-07-22T12:01:57","date_gmt":"2022-07-22T15:01:57","guid":{"rendered":"https:\/\/wp.digitaltv.com.ar\/?p=3910"},"modified":"2022-07-23T09:46:39","modified_gmt":"2022-07-23T12:46:39","slug":"desde-el-1-de-agosto-se-podra-iniciar-la-vacunacion-contra-el-covid-en-ninos-de-6-meses-a-3-anos","status":"publish","type":"post","link":"https:\/\/news.digitaltv.com.ar\/?p=3910","title":{"rendered":"DESDE EL 1 DE AGOSTO SE PODR\u00c1 INICIAR LA VACUNACI\u00d3N CONTRA EL COVID EN NI\u00d1OS DE 6 MESES A 3 A\u00d1OS"},"content":{"rendered":"\n<p>Las vacunas pedi\u00e1tricas anticovid para comenzar la inmunizaci\u00f3n a ni\u00f1os y ni\u00f1as de 6 meses hasta 3 a\u00f1os estar\u00e1n disponibles en todas las provincias a partir del 1 de agosto y se utilizar\u00e1n tambi\u00e9n para aplicar el refuerzo a la poblaci\u00f3n de 3 y 4 a\u00f1os que recibi\u00f3 las dosis de Sinopharm.<\/p>\n\n\n\n<p>El anuncio fue realizado esta ma\u00f1ana por la ministra de Salud, Carla Vizzotti, en el aeropuerto internacional de Ezeiza. tras el arribo de las primeras 2,7 millones de dosis del laboratorio Moderna procedentes de Estados Unidos que se completar\u00e1n el pr\u00f3ximo martes con la llegada de otras 700 mil vacunas que permitir\u00e1n la cobertura de la poblaci\u00f3n correspondiente a la franja de la primera infancia.<\/p>\n\n\n\n<p>\u201cEs la campa\u00f1a m\u00e1s grande de nuestra historia y del mundo. Con m\u00e1s de 125 millones de dosis recibidas y ahora que tambi\u00e9n los m\u00e1s chiquitos van a recibir su vacuna a partir del 1 de agosto, sin duda la campa\u00f1a de vacunaci\u00f3n es un \u00e9xito\u201d, remarc\u00f3 la ministra en declaraciones a T\u00e9lam.<\/p>\n\n\n\n<p>A pesar de la neblina que caracteriz\u00f3 la ma\u00f1ana de este viernes, el vuelo de Star Alliance United Airlines pudo aterrizar a las 07:38 en el aeropuerto de Ezeiza y la ministra revis\u00f3 el cargamento junto a la secretaria de Acceso a la Salud, Sandra Tirado; la subsecretar\u00eda de Medicamentos e Informaci\u00f3n Estrat\u00e9gica, Natalia Grimblat; el subsecretario de Estrategias Sanitarias, Juan Manuel Castelli; y el coordinador de Log\u00edstica, Juan Pablo Saulle.<\/p>\n\n\n\n<p>En una conferencia de prensa posterior, Vizzotti sostuvo que una vez que se terminen de recibir las casi 4 millones de vacunas pedi\u00e1tricas de Moderna entre el viernes y s\u00e1bado de la semana pr\u00f3xima se estar\u00e1n distribuyendo a las 24 jurisdicciones del pa\u00eds para, de acuerdo al calendario de cada una, comiencen a ser aplicadas.<\/p>\n\n\n\n<p>En ese marco, la titular de la cartera sanitaria ratific\u00f3 una vez m\u00e1s la confiabilidad de la vacuna pedi\u00e1trica al subrayar que \u201cLos argentinos y argentinas conf\u00edan en la vacuna, por eso somos uno de los pa\u00edses que m\u00e1s vacunamos en el mundo\u201d.<\/p>\n\n\n\n<p>En ese sentido, resalt\u00f3 que \u201cArgentina fue uno de los primeros pa\u00edses en vacunar adolescentes y a ni\u00f1os de 3 a 11 a\u00f1os&#8221; y agreg\u00f3 que \u201cahora nos da mucho orgullo anunciar que somos de los primeros en proteger desde los seis meses\u201d.<\/p>\n\n\n\n<p>Vizzotti puntualiz\u00f3 que estas dosis van a permitir proteger a quienes hasta este momento no contaban en el mundo con la posibilidad de vacunarse ya que &#8220;hace muy poquito&#8221; la Administraci\u00f3n de Alimentos y Medicamentos (FDA) autoriz\u00f3 el uso en esta edad y &#8220;muy r\u00e1pidamente, tres semanas despu\u00e9s&#8221; la Administraci\u00f3n Nacional de Medicamentos, Alimentos y Tecnolog\u00eda M\u00e9dica (ANMAT) dio su recomendaci\u00f3n.<\/p>\n\n\n\n<p>Adem\u00e1s, destac\u00f3 que la llegada de estas nuevas vacunas pedi\u00e1tricas es &#8220;muy importante&#8221; especialmente para los beb\u00e9s y ni\u00f1os que tienen factores de riesgos por enfermedades preexistentes y cuyas familias &#8220;contin\u00faan aisladas&#8221; para evitar los contagios<\/p>\n\n\n\n<p>La titular de la cartera sanitaria indic\u00f3 que se calcula inmunizar a \u201cdos millones de ni\u00f1os entre quienes se dan por primera vez la vacuna y quienes reciben el refuerzo\u201d, es decir la poblaci\u00f3n de 3 y 4 a\u00f1os que recibi\u00f3 las vacunas de Sinopharm.<\/p>\n\n\n\n<p>Ante una pregunta de T\u00e9lam, la ministra de Salud sostuvo que \u201csi bien los ni\u00f1os desde los 6 meses tienen menos riesgo que los mayores de 50 a\u00f1os, ese riesgo no es cero y en los pa\u00edses que no han vacunado, el aumento de los casos es a expensa de los ni\u00f1os y las ni\u00f1as y a medida que haya m\u00e1s casos la posibilidad de que haya complicaciones, casos graves e incluso muertes aumenta&#8221;.<\/p>\n\n\n\n<p>&#8220;Cuanto m\u00e1s poblaci\u00f3n tengamos vacunada va a ser menor la cantidad de casos y sobre todo disminuir internaciones y muertes&#8221;, asever\u00f3 Vizzotti, tras afirmar que a diferencia de otras enfermedades, la vacuna contra el coronavirus no elimina o erradica el Covid-19.<\/p>\n\n\n\n<p>Al ser consultada sobre la situaci\u00f3n epidemiol\u00f3gica actual, la ministra sostuvo que \u201cdespu\u00e9s de dos a\u00f1os donde una parte importante de la poblaci\u00f3n ya tuvo contacto con el virus\u201d y en Argentina \u201cun porcentaje important\u00edsimo recibi\u00f3 el esquema primario, las dos dosis o el esquema que le correspond\u00eda\u201d, el escenario es \u201ctotalmente diferente\u201d a las anteriores olas.<\/p>\n\n\n\n<p>Seg\u00fan el \u00faltimo reporte del Ministerio de Salud, difundido el domingo pasado, hubo 57 muertes por coronavirus y 39.656 contagios en una semana, lo que representa un 24,52% m\u00e1s de casos que el registrad en el informe anterior (31.845).<\/p>\n\n\n\n<p>De acuerdo a los datos difundidos, la cantidad de muertes aument\u00f3 58% en relaci\u00f3n a la semana pasada cuando se hab\u00edan informado 36 fallecimientos.<\/p>\n\n\n\n<p>La ministra remarc\u00f3 que &#8220;hay 91 por ciento de personas vacunadas con una dosis y estamos llegando al 83 por ciento con dos dosis&#8221;.<\/p>\n\n\n\n<p>\u201cSabemos que no se puede eliminar el virus, va a seguir habiendo circulaci\u00f3n, vamos a tener SARS-CoV-2 todos los a\u00f1os sobretodo estacionalmente en Argentina y en el mundo. Lo que cambia radicalmente es que aunque tengamos aumentos estacionales eso no se traduce en internaciones y muertes y eso es gracias a la vacunaci\u00f3n\u201d, complet\u00f3.<\/p>\n\n\n\n<p>Seg\u00fan la \u00faltima actualizaci\u00f3n del Monitor P\u00fablico de Vacunaci\u00f3n, el total de dosis aplicadas asciende a 107.050.989, de los cuales 40.864.304 recibieron una dosis, 37.657.950 las dos, 3.115.876 una adicional y 25.412.859 una de refuerzo, mientras que las vacunas distribuidas a las jurisdicciones llegan a 114.187.019 y las donadas a 5.083.000.<\/p>\n","protected":false},"excerpt":{"rendered":"<p>Las vacunas pedi\u00e1tricas anticovid para comenzar la inmunizaci\u00f3n a ni\u00f1os y ni\u00f1as de 6 meses hasta 3 a\u00f1os estar\u00e1n disponibles en todas las provincias a partir del 1 de agosto y se utilizar\u00e1n tambi\u00e9n para aplicar el refuerzo a la poblaci\u00f3n de 3 y 4 a\u00f1os que recibi\u00f3 las dosis de Sinopharm. El anuncio fue [&hellip;]<\/p>\n","protected":false},"author":1,"featured_media":3911,"comment_status":"open","ping_status":"open","sticky":false,"template":"","format":"standard","meta":{"_monsterinsights_skip_tracking":false,"_monsterinsights_sitenote_active":false,"_monsterinsights_sitenote_note":"","_monsterinsights_sitenote_category":0,"footnotes":""},"categories":[151],"tags":[160],"class_list":["post-3910","post","type-post","status-publish","format-standard","has-post-thumbnail","hentry","category-salud","tag-160"],"_links":{"self":[{"href":"https:\/\/news.digitaltv.com.ar\/index.php?rest_route=\/wp\/v2\/posts\/3910","targetHints":{"allow":["GET"]}}],"collection":[{"href":"https:\/\/news.digitaltv.com.ar\/index.php?rest_route=\/wp\/v2\/posts"}],"about":[{"href":"https:\/\/news.digitaltv.com.ar\/index.php?rest_route=\/wp\/v2\/types\/post"}],"author":[{"embeddable":true,"href":"https:\/\/news.digitaltv.com.ar\/index.php?rest_route=\/wp\/v2\/users\/1"}],"replies":[{"embeddable":true,"href":"https:\/\/news.digitaltv.com.ar\/index.php?rest_route=%2Fwp%2Fv2%2Fcomments&post=3910"}],"version-history":[{"count":1,"href":"https:\/\/news.digitaltv.com.ar\/index.php?rest_route=\/wp\/v2\/posts\/3910\/revisions"}],"predecessor-version":[{"id":3912,"href":"https:\/\/news.digitaltv.com.ar\/index.php?rest_route=\/wp\/v2\/posts\/3910\/revisions\/3912"}],"wp:featuredmedia":[{"embeddable":true,"href":"https:\/\/news.digitaltv.com.ar\/index.php?rest_route=\/wp\/v2\/media\/3911"}],"wp:attachment":[{"href":"https:\/\/news.digitaltv.com.ar\/index.php?rest_route=%2Fwp%2Fv2%2Fmedia&parent=3910"}],"wp:term":[{"taxonomy":"category","embeddable":true,"href":"https:\/\/news.digitaltv.com.ar\/index.php?rest_route=%2Fwp%2Fv2%2Fcategories&post=3910"},{"taxonomy":"post_tag","embeddable":true,"href":"https:\/\/news.digitaltv.com.ar\/index.php?rest_route=%2Fwp%2Fv2%2Ftags&post=3910"}],"curies":[{"name":"wp","href":"https:\/\/api.w.org\/{rel}","templated":true}]}}