{"id":3921,"date":"2022-07-23T09:37:13","date_gmt":"2022-07-23T12:37:13","guid":{"rendered":"https:\/\/wp.digitaltv.com.ar\/?p=3921"},"modified":"2022-07-24T10:06:48","modified_gmt":"2022-07-24T13:06:48","slug":"obra-sociales-y-prepagas-deberan-cubrir-tratamientos-especificos-contra-la-obesidad","status":"publish","type":"post","link":"https:\/\/news.digitaltv.com.ar\/?p=3921","title":{"rendered":"OBRA SOCIALES Y PREPAGAS DEBER\u00c1N CUBRIR TRATAMIENTOS ESPEC\u00cdFICOS CONTRA LA OBESIDAD"},"content":{"rendered":"\n<p>Las obras sociales y las prepagas deber\u00e1n cubrir tratamientos espec\u00edficos contra la obesidad y contra los trastornos alimentarios en general, al incluirse nuevas pr\u00e1cticas a ra\u00edz del avance de las t\u00e9cnicas quir\u00fargicas que a partir de hoy estar\u00e1n en el Programa M\u00e9dico Obligatorio (PMO), inform\u00f3 el Ministerio de Salud.<\/p>\n\n\n\n<p>La ministra Carla Vizzotti aprob\u00f3 por resoluci\u00f3n la actualizaci\u00f3n y ampliaci\u00f3n del conjunto de prestaciones b\u00e1sicas esenciales para la cobertura del abordaje de personas con obesidad que, entre otras novedades, incorpora al PMO a personas con estos trastornos que no estaban incluidas en la norma vigente desde el 2008.<\/p>\n\n\n\n<p>&#8220;Invertir en tratamientos, promoci\u00f3n y prevenci\u00f3n es algo que nos planteamos desde el primer d\u00eda de la gesti\u00f3n y por eso me parec\u00eda fundamental tomarnos un espacio para poder encontrarnos\u201d, dijo Vizzotti durante un encuentro con referentes de sociedades cient\u00edf\u00eccas, de hospitales p\u00fablicos y pacientes.<\/p>\n\n\n\n<p>Agreg\u00f3 adem\u00e1s que &#8220;no se trata de algo est\u00e9tico, sino de mejorar la salud de las personas. Para el Estado se trata de una inversi\u00f3n y cualquiera que se dedique a la salud debe actuar con esta mirada sanitaria de fortalecer las l\u00edneas de cuidado, ampliar derechos y trabajar para que el acceso sea cada vez de mayor calidad y m\u00e1s equitativo\u201d.<\/p>\n\n\n\n<p>La actualizaci\u00f3n de las prestaciones b\u00e1sicas esenciales para las personas con obesidad se da en el marco de la Ley 26.396, que declara de inter\u00e9s nacional la prevenci\u00f3n y control de este tipo de trastornos alimentarios.<\/p>\n\n\n\n<p>&#8220;Dado el avance y modificaci\u00f3n de las t\u00e9cnicas quir\u00fargicas y la nueva evidencia que incorporan otras pr\u00e1cticas y tratamientos destinados a personas con obesidad y en base a lo determinado por la evidencia, se modific\u00f3 el acceso a la cobertura, ampli\u00e1ndose a poblaci\u00f3n no incluida con los criterios anteriores&#8221;, asegur\u00f3 la cartera.<\/p>\n\n\n\n<p>Adem\u00e1s, para garantizar el seguimiento y fortalecer la terap\u00e9utica se extendi\u00f3 la cobertura al per\u00edodo post-operatorio.<\/p>\n\n\n\n<p>Las nuevas prestaciones, que deben ser brindadas por todas las obras sociales y asociaciones de obras sociales y las empresas o entidades que presten servicios de medicina prepaga, fueron incorporadas al PMO en base a la evidencia cient\u00edfica existente y con el consenso de la Asociaci\u00f3n Argentina de Cirug\u00eda (AAC) y la Sociedad Argentina de Cirug\u00eda de la Obesidad (SACO).<\/p>\n\n\n\n<p>El secretario de Calidad en Salud, Alejandro Collia, expres\u00f3 que la \u201cley sancionada en 2008 hab\u00eda que actualizarla en el contexto de los avances que en todos estos a\u00f1os se generaron\u201d.<\/p>\n\n\n\n<p>En ese sentido, el funcionario agreg\u00f3 que \u201clas modificaciones que se vienen llevando adelante tienen que ver con la edad, la prestaci\u00f3n, el control de los equipos multidisciplinarios, las comorbilidades, en lo que hace al control postquir\u00fargico y las variantes quir\u00fargicas, as\u00ed que es un avance importante en un tema trascendente como las Enfermedades Cr\u00f3nicas No Transmisibles\u201d.<\/p>\n\n\n\n<p>En representaci\u00f3n de las sociedades cient\u00edficas, Jorge Harraca, presidente de la Sociedad Argentina de Cirug\u00eda de la Obesidad (SACO), expres\u00f3 que \u201cdesde las sociedades cient\u00edficas hemos sido los transmisores de la voz del paciente, una voz que est\u00e1 en una lucha de m\u00e1s de seis a\u00f1os&#8221;<\/p>\n\n\n\n<p>&#8220;Durante ese tiempo solo se hab\u00edan escuchado a los sectores econ\u00f3micos de los subsistemas, de los pagadores. Pero hoy el ministerio nos escuch\u00f3, por lo tanto, es un d\u00eda de alegr\u00eda para nosotros\u201d, asegur\u00f3 Harraca.<\/p>\n","protected":false},"excerpt":{"rendered":"<p>Las obras sociales y las prepagas deber\u00e1n cubrir tratamientos espec\u00edficos contra la obesidad y contra los trastornos alimentarios en general, al incluirse nuevas pr\u00e1cticas a ra\u00edz del avance de las t\u00e9cnicas quir\u00fargicas que a partir de hoy estar\u00e1n en el Programa M\u00e9dico Obligatorio (PMO), inform\u00f3 el Ministerio de Salud. La ministra Carla Vizzotti aprob\u00f3 por [&hellip;]<\/p>\n","protected":false},"author":1,"featured_media":3922,"comment_status":"open","ping_status":"open","sticky":false,"template":"","format":"standard","meta":{"_monsterinsights_skip_tracking":false,"_monsterinsights_sitenote_active":false,"_monsterinsights_sitenote_note":"","_monsterinsights_sitenote_category":0,"footnotes":""},"categories":[151],"tags":[160],"class_list":["post-3921","post","type-post","status-publish","format-standard","has-post-thumbnail","hentry","category-salud","tag-160"],"_links":{"self":[{"href":"https:\/\/news.digitaltv.com.ar\/index.php?rest_route=\/wp\/v2\/posts\/3921","targetHints":{"allow":["GET"]}}],"collection":[{"href":"https:\/\/news.digitaltv.com.ar\/index.php?rest_route=\/wp\/v2\/posts"}],"about":[{"href":"https:\/\/news.digitaltv.com.ar\/index.php?rest_route=\/wp\/v2\/types\/post"}],"author":[{"embeddable":true,"href":"https:\/\/news.digitaltv.com.ar\/index.php?rest_route=\/wp\/v2\/users\/1"}],"replies":[{"embeddable":true,"href":"https:\/\/news.digitaltv.com.ar\/index.php?rest_route=%2Fwp%2Fv2%2Fcomments&post=3921"}],"version-history":[{"count":1,"href":"https:\/\/news.digitaltv.com.ar\/index.php?rest_route=\/wp\/v2\/posts\/3921\/revisions"}],"predecessor-version":[{"id":3923,"href":"https:\/\/news.digitaltv.com.ar\/index.php?rest_route=\/wp\/v2\/posts\/3921\/revisions\/3923"}],"wp:featuredmedia":[{"embeddable":true,"href":"https:\/\/news.digitaltv.com.ar\/index.php?rest_route=\/wp\/v2\/media\/3922"}],"wp:attachment":[{"href":"https:\/\/news.digitaltv.com.ar\/index.php?rest_route=%2Fwp%2Fv2%2Fmedia&parent=3921"}],"wp:term":[{"taxonomy":"category","embeddable":true,"href":"https:\/\/news.digitaltv.com.ar\/index.php?rest_route=%2Fwp%2Fv2%2Fcategories&post=3921"},{"taxonomy":"post_tag","embeddable":true,"href":"https:\/\/news.digitaltv.com.ar\/index.php?rest_route=%2Fwp%2Fv2%2Ftags&post=3921"}],"curies":[{"name":"wp","href":"https:\/\/api.w.org\/{rel}","templated":true}]}}