{"id":3932,"date":"2022-07-23T09:51:23","date_gmt":"2022-07-23T12:51:23","guid":{"rendered":"https:\/\/wp.digitaltv.com.ar\/?p=3932"},"modified":"2022-07-24T10:31:51","modified_gmt":"2022-07-24T13:31:51","slug":"florencia-vano-abba-llevamos-20-personas-alojadas-en-lo-que-va-del-ano","status":"publish","type":"post","link":"https:\/\/news.digitaltv.com.ar\/?p=3932","title":{"rendered":"FLORENCIA VA\u00d1O ABBA \u201cLLEVAMOS 20 PERSONAS ALOJADAS EN LO QUE VA DEL A\u00d1O\u201d"},"content":{"rendered":"\n<p>Florencia Va\u00f1o Abba est\u00e1 al frente de la direcci\u00f3n de la mujer, en dialogo con Toma Mate FM 105.1, resalt\u00f3 el trabajo de \u00e1rea y la importancia de las pol\u00edticas p\u00fablicas en ese sector.<\/p>\n\n\n\n<p>La direcci\u00f3n de la mujer funciona en la ciudad desde hace nueve a\u00f1os y la ministra provincial de las Mujeres, Pol\u00edticas de G\u00e9nero y Diversidad Sexual, Estela D\u00edaz, en su visita resalt\u00f3 el trabajo de la direcci\u00f3n.<\/p>\n\n\n\n<p>Su directora Florencia Va\u00f1o Abba sostiene que eso tiene que ver con \u201cel trabajo en conjunto, es importante trabajar en red\u201d pero a su vez destac\u00f3 que el \u00e1rea&nbsp; &#8220;debe crecer aun mas, se incorpor\u00f3 personal y lo que queremos ahora es descentralizar, vamos a ir a los pueblos, no es f\u00e1cil a veces llegar a Pergamino&#8221;.<\/p>\n\n\n\n<p>En cuanto el trabajo hecho durante este a\u00f1o agreg\u00f3 &#8220;tenemos 20 personas alojadas en lo que va del a\u00f1o, son pocos d\u00edas, cuando ya act\u00faa la justicia la idea es siempre que vuelvan a su rutina, Pergamino no escapa a lo que pasa en el resto del pa\u00eds&#8221;.<\/p>\n\n\n\n<p>Es importante saber para aquellas personas que se encuentran viviendo violencia de g\u00e9nero, que la direcci\u00f3n cuando con profesionales que pueden asistir hasta que la justicia actu\u00e9, los n\u00fameros de contacto son 2477- 328079 o la guardia al 2477- 15685012.<\/p>\n","protected":false},"excerpt":{"rendered":"<p>Florencia Va\u00f1o Abba est\u00e1 al frente de la direcci\u00f3n de la mujer, en dialogo con Toma Mate FM 105.1, resalt\u00f3 el trabajo de \u00e1rea y la importancia de las pol\u00edticas p\u00fablicas en ese sector. La direcci\u00f3n de la mujer funciona en la ciudad desde hace nueve a\u00f1os y la ministra provincial de las Mujeres, Pol\u00edticas [&hellip;]<\/p>\n","protected":false},"author":2,"featured_media":3933,"comment_status":"open","ping_status":"open","sticky":false,"template":"","format":"standard","meta":{"_monsterinsights_skip_tracking":false,"_monsterinsights_sitenote_active":false,"_monsterinsights_sitenote_note":"","_monsterinsights_sitenote_category":0,"footnotes":""},"categories":[152],"tags":[169],"class_list":["post-3932","post","type-post","status-publish","format-standard","has-post-thumbnail","hentry","category-pergamino","tag-169"],"_links":{"self":[{"href":"https:\/\/news.digitaltv.com.ar\/index.php?rest_route=\/wp\/v2\/posts\/3932","targetHints":{"allow":["GET"]}}],"collection":[{"href":"https:\/\/news.digitaltv.com.ar\/index.php?rest_route=\/wp\/v2\/posts"}],"about":[{"href":"https:\/\/news.digitaltv.com.ar\/index.php?rest_route=\/wp\/v2\/types\/post"}],"author":[{"embeddable":true,"href":"https:\/\/news.digitaltv.com.ar\/index.php?rest_route=\/wp\/v2\/users\/2"}],"replies":[{"embeddable":true,"href":"https:\/\/news.digitaltv.com.ar\/index.php?rest_route=%2Fwp%2Fv2%2Fcomments&post=3932"}],"version-history":[{"count":1,"href":"https:\/\/news.digitaltv.com.ar\/index.php?rest_route=\/wp\/v2\/posts\/3932\/revisions"}],"predecessor-version":[{"id":3934,"href":"https:\/\/news.digitaltv.com.ar\/index.php?rest_route=\/wp\/v2\/posts\/3932\/revisions\/3934"}],"wp:featuredmedia":[{"embeddable":true,"href":"https:\/\/news.digitaltv.com.ar\/index.php?rest_route=\/wp\/v2\/media\/3933"}],"wp:attachment":[{"href":"https:\/\/news.digitaltv.com.ar\/index.php?rest_route=%2Fwp%2Fv2%2Fmedia&parent=3932"}],"wp:term":[{"taxonomy":"category","embeddable":true,"href":"https:\/\/news.digitaltv.com.ar\/index.php?rest_route=%2Fwp%2Fv2%2Fcategories&post=3932"},{"taxonomy":"post_tag","embeddable":true,"href":"https:\/\/news.digitaltv.com.ar\/index.php?rest_route=%2Fwp%2Fv2%2Ftags&post=3932"}],"curies":[{"name":"wp","href":"https:\/\/api.w.org\/{rel}","templated":true}]}}