{"id":3989,"date":"2022-07-26T10:55:46","date_gmt":"2022-07-26T13:55:46","guid":{"rendered":"https:\/\/wp.digitaltv.com.ar\/?p=3989"},"modified":"2022-07-27T14:08:39","modified_gmt":"2022-07-27T17:08:39","slug":"covid-comenzo-la-inscripcion-para-vacunacion-de-ninos-de-6-meses-a-3-anos-en-buenos-aires","status":"publish","type":"post","link":"https:\/\/news.digitaltv.com.ar\/?p=3989","title":{"rendered":"COVID: COMENZ\u00d3 LA INSCRIPCI\u00d3N PARA VACUNACI\u00d3N DE NI\u00d1OS DE 6 MESES A 3 A\u00d1OS EN BUENOS AIRES"},"content":{"rendered":"\n<p>El Gobierno bonaerense habilit\u00f3 hoy la inscripci\u00f3n para la vacunaci\u00f3n contra el coronavirus de ni\u00f1as y ni\u00f1os de entre 6 meses y hasta 3 a\u00f1os, y anunci\u00f3 que desde la primera quincena de agosto la poblaci\u00f3n de 3 y 4 a\u00f1os podr\u00e1 recibir la dosis de refuerzo sin necesidad de solicitar turno previo.<\/p>\n\n\n\n<p>El anuncio fue formulado por el gobernador Axel Kicillof en una conferencia de prensa que encabez\u00f3 en la Casa de Gobierno, en La Plata, junto al ministro de Salud, Nicol\u00e1s Kreplak.<\/p>\n\n\n\n<p>En ese marco, los funcionarios precisaron que la inscripci\u00f3n se puede realizar mediante la p\u00e1gina vacunatepba.gba.gob.ar o desde la app Vacunate PBA.<\/p>\n\n\n\n<p>&#8220;Se acaban de recibir 2.700.000 vacunas pedi\u00e1tricas para ni\u00f1as y ni\u00f1os de 6 meses a 3 a\u00f1os y desde hoy queda abierta la inscripci\u00f3n para que esos chiquitos reciban el turno para poder inmunizarse con la vacuna contra el Covid-19&#8221;, explic\u00f3 el mandatario bonaerense.<\/p>\n\n\n\n<p>Adem\u00e1s, Kicillof sostuvo que &#8220;desde la primera quincena de agosto, los nenes y nenas de 3 y 4 a\u00f1os se podr\u00e1n dar el refuerzo (despu\u00e9s de los cuarto meses de la dosis anterior) de manera libre y federal&#8221;.<\/p>\n\n\n\n<p>Desde la Gobernaci\u00f3n recordaron que el Poder Ejecutivo Nacional ya comenz\u00f3 a recibir las dosis de la vacuna pedi\u00e1trica Moderna destinada a comenzar la inmunizaci\u00f3n de la poblaci\u00f3n de primera infancia y para el refuerzo a ni\u00f1os de 3 y 4 a\u00f1os que recibieron las vacunas de Sinopharm.<\/p>\n\n\n\n<p>&#8220;En cuanto el Ministerio de Salud de la Naci\u00f3n lo disponga, previa autorizaci\u00f3n del Anmat, comenzar\u00e1 la vacunaci\u00f3n con sus respectivos turnos asignados&#8221;, detallaron los voceros y puntualizaron que las dosis se aplicar\u00e1n en los vacunatorios habituales de los municipios, ya que tienen el personal capacitado y experimentado para la atenci\u00f3n de personas menores y para aprovechar y completar esquemas las vacunas calendario.<\/p>\n\n\n\n<p>Resaltaron, adem\u00e1s, que &#8220;para todas las personas mayores de 3 a\u00f1os la vacunaci\u00f3n es libre (sin turno previo), gratuita y federal&#8221;.<\/p>\n\n\n\n<p>Kicillof afirm\u00f3 que la cobertura de vacunaci\u00f3n en territorio bonaerense &#8220;es de las m\u00e1s altas del planeta&#8221; y detall\u00f3 que hay 16 millones de ciudadanos que cuentan con la primera dosis (95% del total), 15 millones que tienen la segunda dosis (86%), y 7 millones ya recibieron el refuerzo.<\/p>\n\n\n\n<p>&#8220;No puedo dejar de mencionar los 70 a\u00f1os del pase a la inmortalidad de Eva Duarte. Ayer anunciamos la l\u00ednea de cr\u00e9ditos a tasa cero para la construcci\u00f3n y hoy la ampliaci\u00f3n de la vacunaci\u00f3n. No hay mejor homenaje a Eva que seguir trabajando para el bienestar del pueblo&#8221;, asever\u00f3.<\/p>\n\n\n\n<p>En tanto, Kreplak dijo que &#8220;las ni\u00f1as y ni\u00f1os de 6 meses a 3 a\u00f1os podr\u00e1n ser vacunados en poco tiempo, cuando se apruebe en Argentina su uso&#8221;.<\/p>\n\n\n\n<p>Por otro lado, plante\u00f3 que &#8220;existe la necesidad de fortalecer el calendario nacional de vacunaci\u00f3n&#8221; dado que &#8220;producto de la pandemia y de que en la gesti\u00f3n anterior hubo ca\u00edda en las tasas de vacunaci\u00f3n, cay\u00f3 la cobertura&#8221;.<\/p>\n\n\n\n<p>Subray\u00f3 que &#8220;los estudios hechos entre los ministerios de Ciencia y Salud a nivel nacional y bonaerense, y en base a la participaci\u00f3n en publicaciones internacionales, est\u00e1 demostrada la eficacia del sistema de vacunaci\u00f3n&#8221;.<\/p>\n\n\n\n<p>&#8220;Tras un a\u00f1o de vacunaci\u00f3n vemos la reducci\u00f3n de infecciones y fallecimientos por covid-19 y tambi\u00e9n esta demostrada la eficacia de la vacunaci\u00f3n en ni\u00f1os y adolescentes&#8221;, agreg\u00f3 y convoc\u00f3 a completar los calendarios en ni\u00f1as y ni\u00f1os.<\/p>\n","protected":false},"excerpt":{"rendered":"<p>El Gobierno bonaerense habilit\u00f3 hoy la inscripci\u00f3n para la vacunaci\u00f3n contra el coronavirus de ni\u00f1as y ni\u00f1os de entre 6 meses y hasta 3 a\u00f1os, y anunci\u00f3 que desde la primera quincena de agosto la poblaci\u00f3n de 3 y 4 a\u00f1os podr\u00e1 recibir la dosis de refuerzo sin necesidad de solicitar turno previo. El anuncio [&hellip;]<\/p>\n","protected":false},"author":1,"featured_media":3990,"comment_status":"open","ping_status":"open","sticky":false,"template":"","format":"standard","meta":{"_monsterinsights_skip_tracking":false,"_monsterinsights_sitenote_active":false,"_monsterinsights_sitenote_note":"","_monsterinsights_sitenote_category":0,"footnotes":""},"categories":[151],"tags":[160],"class_list":["post-3989","post","type-post","status-publish","format-standard","has-post-thumbnail","hentry","category-salud","tag-160"],"_links":{"self":[{"href":"https:\/\/news.digitaltv.com.ar\/index.php?rest_route=\/wp\/v2\/posts\/3989","targetHints":{"allow":["GET"]}}],"collection":[{"href":"https:\/\/news.digitaltv.com.ar\/index.php?rest_route=\/wp\/v2\/posts"}],"about":[{"href":"https:\/\/news.digitaltv.com.ar\/index.php?rest_route=\/wp\/v2\/types\/post"}],"author":[{"embeddable":true,"href":"https:\/\/news.digitaltv.com.ar\/index.php?rest_route=\/wp\/v2\/users\/1"}],"replies":[{"embeddable":true,"href":"https:\/\/news.digitaltv.com.ar\/index.php?rest_route=%2Fwp%2Fv2%2Fcomments&post=3989"}],"version-history":[{"count":1,"href":"https:\/\/news.digitaltv.com.ar\/index.php?rest_route=\/wp\/v2\/posts\/3989\/revisions"}],"predecessor-version":[{"id":3991,"href":"https:\/\/news.digitaltv.com.ar\/index.php?rest_route=\/wp\/v2\/posts\/3989\/revisions\/3991"}],"wp:featuredmedia":[{"embeddable":true,"href":"https:\/\/news.digitaltv.com.ar\/index.php?rest_route=\/wp\/v2\/media\/3990"}],"wp:attachment":[{"href":"https:\/\/news.digitaltv.com.ar\/index.php?rest_route=%2Fwp%2Fv2%2Fmedia&parent=3989"}],"wp:term":[{"taxonomy":"category","embeddable":true,"href":"https:\/\/news.digitaltv.com.ar\/index.php?rest_route=%2Fwp%2Fv2%2Fcategories&post=3989"},{"taxonomy":"post_tag","embeddable":true,"href":"https:\/\/news.digitaltv.com.ar\/index.php?rest_route=%2Fwp%2Fv2%2Ftags&post=3989"}],"curies":[{"name":"wp","href":"https:\/\/api.w.org\/{rel}","templated":true}]}}