{"id":4214,"date":"2022-08-05T08:29:51","date_gmt":"2022-08-05T11:29:51","guid":{"rendered":"https:\/\/news.digitaltv.com.ar\/?p=4214"},"modified":"2022-08-06T11:50:50","modified_gmt":"2022-08-06T14:50:50","slug":"vizzotti-encabezo-en-el-hospital-garrahan-el-inicio-de-la-campana-de-vacunacion-pediatrica","status":"publish","type":"post","link":"https:\/\/news.digitaltv.com.ar\/?p=4214","title":{"rendered":"VIZZOTTI ENCABEZ\u00d3 EN EL HOSPITAL GARRAHAN EL INICIO DE LA CAMPA\u00d1A DE VACUNACI\u00d3N PEDI\u00c1TRICA"},"content":{"rendered":"\n<p>La ministra de Salud de la Naci\u00f3n, Carla Vizzotti, encabez\u00f3 hoy la apertura de la campa\u00f1a contra el coronavirus para ni\u00f1os y ni\u00f1as de 6 meses a 3 a\u00f1os en el Hospital Garrahan, donde se\u00f1al\u00f3 que la vacunaci\u00f3n pedi\u00e1trica es &#8220;una novedad muy grande, Argentina es uno de los primeros pa\u00edses en poder proteger a esta franja etaria&#8221;, e inst\u00f3 a aprovechar la visita al vacunatorio para &#8220;dar otras vacunas del calendario, ya que se pueden coadministrar&#8221;.<\/p>\n\n\n\n<p>De esta forma, Argentina se convierte en el primer pa\u00eds en Latinoam\u00e9rica en incorporar a esta franja etaria a la estrategia de vacunaci\u00f3n contra COVID-19,<\/p>\n\n\n\n<p>La titular de la cartera sanitaria sostuvo que la campa\u00f1a est\u00e1 destinada &#8220;a la \u00faltima etapa de la vida que faltaba proteger&#8221;, durante su visita al Centro de Vacunaci\u00f3n del Hospital Garrahan, ubicado en Pichincha al 1890, en la Ciudad Aut\u00f3noma de Buenos Aires, donde los m\u00e1s peque\u00f1os recibieron la primera dosis del laboratorio Moderna.<\/p>\n\n\n\n<p>&#8220;Es una vacuna que est\u00e1 recomendada desde los seis meses hasta los cinco a\u00f1os, as\u00ed que va a ser muy importante para iniciar los esquemas de vacunaci\u00f3n de todos los beb\u00e9s y las beb\u00e9s que todav\u00eda no lo empezaron y para recibir el refuerzo o iniciar el esquema quien no lo hab\u00eda iniciado entre tres y cuatro a\u00f1os&#8221;, sostuvo Vizzotti.<\/p>\n\n\n\n<p>En este centro, mam\u00e1s de ni\u00f1as y ni\u00f1os aguardaban el llamado para que sus hijos inicien el esquema de inoculaci\u00f3n de primera infancia que se realizar\u00e1 con dos dosis con un per\u00edodo de 28 d\u00edas entre una y otra, junto con los menores de tres y cuatro a\u00f1os que recibieron el esquema completo de Sinopharm y que ahora podr\u00e1n recibir el refuerzo de Moderna.<\/p>\n\n\n\n<p>&#8220;La recomendaci\u00f3n en los vacunatorios es aprovechar dar otras vacunas del calendario&#8221;, ya que &#8220;se pueden coadministrar, se pueden dar al mismo tiempo, y aprovechar si se perdi\u00f3 una dosis. As\u00ed que con una novedad muy grande Argentina es uno de los primeros pa\u00edses en poder proteger a esta franja etaria&#8221;, sostuvo Vizzotti.<\/p>\n\n\n\n<p>Asimismo, la ministra se\u00f1al\u00f3 que a medida que avance la vacunaci\u00f3n, &#8220;cada jurisdicci\u00f3n, y como siempre en funci\u00f3n del Plan Provincial, va a ir definiendo c\u00f3mo va a vacunar&#8221;, ya sea &#8220;con turno o con demanda espont\u00e1nea&#8221;.<\/p>\n\n\n\n<p>En cuanto a la evoluci\u00f3n de la pandemia, la ministra sostuvo que &#8220;el virus no va a desaparecer, por lo tanto esto es lo que nos va a suceder sobre todo en en los pa\u00edses que tienen estacionalidad como Argentina en el invierno&#8221;.<\/p>\n\n\n\n<p>Y agreg\u00f3 que &#8220;as\u00ed como hay otros virus respiratorio, vamos a tener SARS-CoV-2, por eso es un mensaje muy importante que la poblaci\u00f3n siga recibiendo los refuerzos como nos vacunamos contra la gripe todos los a\u00f1os&#8221;.<\/p>\n\n\n\n<p>En el Garrahan, la vacunaci\u00f3n contra el coronavirus inici\u00f3 con Mat\u00edas, de 11 meses, quien sali\u00f3 del box de vacunaci\u00f3n con una sonrisa y saludando a los m\u00e9dicos del hospital que estaban presentes.<\/p>\n\n\n\n<p>Luego, se sumar\u00edan otras ni\u00f1as y ni\u00f1os que, atendidos con paciencia por los profesionales del centro, recibieron r\u00e1pidamente la inoculaci\u00f3n, la cual &#8220;es similar a las otras aplicaciones del calendario, en el momento tratamos de distraerlos para contrarrestar un poco el miedo que puedan tener&#8221;, coment\u00f3 a T\u00e9lam Nora Mamani, supervisora a cargo del \u00e1rea de vacunaci\u00f3n.<\/p>\n\n\n\n<p>Por su parte, Adriana Parra, infect\u00f3loga del hospital, sostuvo que &#8220;no hay obst\u00e1culos para vacunarse ni ninguna contraindicaci\u00f3n&#8221;, y coment\u00f3 que si el ni\u00f1o tiene un cuadro de resfr\u00edo sin fiebre &#8220;se recomienda que igual venga, no tiene por qu\u00e9 perder la posibilidad de vacunarse&#8221;,<\/p>\n\n\n\n<p>Adem\u00e1s, explic\u00f3 que los lugares de aplicaci\u00f3n &#8220;por lo general pueden doler, pero no es necesario ponerles fr\u00edo ni hacerles masajes, se va a ir desinflamando&#8221;, y a su vez, en caso de que se presente fiebre luego de recibir la vacuna, &#8220;tienen que recibir alguna antit\u00e9rmico que le recete el pediatra&#8221;.<\/p>\n\n\n\n<p>Por su parte, la jefa del Servicio de Epidemiolog\u00eda e Infectolog\u00eda del hospital, Rosa Bologna, se\u00f1al\u00f3 que &#8220;lo que hemos visto en el an\u00e1lisis de los casos de Covid que tuvimos este a\u00f1o, que son cerca de 2.000 que atendimos aqu\u00ed en el hospital, fue que ser menor de tres a\u00f1os era un factor de riesgo de internaci\u00f3n parecido a tener enfermedad de base&#8221;, sostuvo.<\/p>\n\n\n\n<p>En cuanto a los mayores de tres a\u00f1os, la especialista remarc\u00f3 que se evidenci\u00f3 que &#8220;en los chicos que ten\u00edan dos o m\u00e1s dosis de vacunas, es un factor de protecci\u00f3n&#8221;, lo que demostr\u00f3 que &#8220;tenemos datos suficientes como para ver que las vacunas que se han incorporado son seguras, efectivas y que vienen a cubrir un grupo de edad que es vulnerable y que tiene un mayor riesgo de complicaciones&#8221;.<\/p>\n\n\n\n<p>Por este motivo, la infect\u00f3loga remarc\u00f3 que &#8220;la incorporaci\u00f3n de la vacuna en en este grupo de edad de seis meses a tres a\u00f1os es realmente una noticia muy importante&#8221;.<\/p>\n\n\n\n<p>El Ministerio de Salud dispuso este lunes la distribuci\u00f3n de las primeras 645.600 dosis de la vacuna que, seg\u00fan lo acordado en la \u00faltima reuni\u00f3n del Consejo Federal de Salud (Cofesa), ser\u00e1n destinadas a iniciar el esquema de inoculaci\u00f3n para ni\u00f1as y ni\u00f1os de entre los 6 meses y los 2 a\u00f1os 11 meses y 29 d\u00edas y dar el refuerzo para la poblaci\u00f3n de 3 y 4 a\u00f1os.<\/p>\n\n\n\n<p>Preciso adem\u00e1s en un comunicado que hay en stock &#8220;m\u00e1s de 2.000.000 de vacunas que ser\u00e1n enviadas a las distintas jurisdicciones a medida que avance el plan de vacunaci\u00f3n&#8221;<\/p>\n","protected":false},"excerpt":{"rendered":"<p>La ministra de Salud de la Naci\u00f3n, Carla Vizzotti, encabez\u00f3 hoy la apertura de la campa\u00f1a contra el coronavirus para ni\u00f1os y ni\u00f1as de 6 meses a 3 a\u00f1os en el Hospital Garrahan, donde se\u00f1al\u00f3 que la vacunaci\u00f3n pedi\u00e1trica es &#8220;una novedad muy grande, Argentina es uno de los primeros pa\u00edses en poder proteger a [&hellip;]<\/p>\n","protected":false},"author":1,"featured_media":4215,"comment_status":"open","ping_status":"open","sticky":false,"template":"","format":"standard","meta":{"_monsterinsights_skip_tracking":false,"_monsterinsights_sitenote_active":false,"_monsterinsights_sitenote_note":"","_monsterinsights_sitenote_category":0,"footnotes":""},"categories":[151],"tags":[160],"class_list":["post-4214","post","type-post","status-publish","format-standard","has-post-thumbnail","hentry","category-salud","tag-160"],"_links":{"self":[{"href":"https:\/\/news.digitaltv.com.ar\/index.php?rest_route=\/wp\/v2\/posts\/4214","targetHints":{"allow":["GET"]}}],"collection":[{"href":"https:\/\/news.digitaltv.com.ar\/index.php?rest_route=\/wp\/v2\/posts"}],"about":[{"href":"https:\/\/news.digitaltv.com.ar\/index.php?rest_route=\/wp\/v2\/types\/post"}],"author":[{"embeddable":true,"href":"https:\/\/news.digitaltv.com.ar\/index.php?rest_route=\/wp\/v2\/users\/1"}],"replies":[{"embeddable":true,"href":"https:\/\/news.digitaltv.com.ar\/index.php?rest_route=%2Fwp%2Fv2%2Fcomments&post=4214"}],"version-history":[{"count":1,"href":"https:\/\/news.digitaltv.com.ar\/index.php?rest_route=\/wp\/v2\/posts\/4214\/revisions"}],"predecessor-version":[{"id":4216,"href":"https:\/\/news.digitaltv.com.ar\/index.php?rest_route=\/wp\/v2\/posts\/4214\/revisions\/4216"}],"wp:featuredmedia":[{"embeddable":true,"href":"https:\/\/news.digitaltv.com.ar\/index.php?rest_route=\/wp\/v2\/media\/4215"}],"wp:attachment":[{"href":"https:\/\/news.digitaltv.com.ar\/index.php?rest_route=%2Fwp%2Fv2%2Fmedia&parent=4214"}],"wp:term":[{"taxonomy":"category","embeddable":true,"href":"https:\/\/news.digitaltv.com.ar\/index.php?rest_route=%2Fwp%2Fv2%2Fcategories&post=4214"},{"taxonomy":"post_tag","embeddable":true,"href":"https:\/\/news.digitaltv.com.ar\/index.php?rest_route=%2Fwp%2Fv2%2Ftags&post=4214"}],"curies":[{"name":"wp","href":"https:\/\/api.w.org\/{rel}","templated":true}]}}