{"id":4217,"date":"2022-08-05T08:47:38","date_gmt":"2022-08-05T11:47:38","guid":{"rendered":"https:\/\/news.digitaltv.com.ar\/?p=4217"},"modified":"2022-08-06T11:50:40","modified_gmt":"2022-08-06T14:50:40","slug":"la-quinta-hora-escolar-aun-no-se-implementa-en-pergamino","status":"publish","type":"post","link":"https:\/\/news.digitaltv.com.ar\/?p=4217","title":{"rendered":"LA QUINTA HORA ESCOLAR A\u00daN NO SE IMPLEMENTA EN PERGAMINO"},"content":{"rendered":"\n<p>La hora adicional se hab\u00edan anunciado para ser aplicada una vez que finalice el receso invernal. Aun no est\u00e1 definido, pero se implementar\u00eda en algunos establecimientos seleccionados.<\/p>\n\n\n\n<p>El gobierno de la provincia de Buenos Aires anunci\u00f3 un plan para tener una hora m\u00e1s de clases debido a las diferentes complicaciones que se vieron post pandemia &#8220;la ampliaci\u00f3n de la quinta hora lo reglamenta cada instituci\u00f3n, eso hay que acordarlo, se van a seleccionar establecimientos donde las calificaciones no hayan sido buenas&#8221; explic\u00f3 Ricardo Fusco, dejando en claro que aun no est\u00e1 definido.<\/p>\n\n\n\n<p>Por otro lado tambi\u00e9n ser\u00e1 optativo para los docentes \u201ctambi\u00e9n ser\u00e1n seleccionados ya que no va a ser obligatorio, se va a ir de a poco&#8221;. Todav\u00eda falta definir cu\u00e1les son los lugares y qui\u00e9nes son los que deben cursarla y la fecha en la que se le dar\u00e1 inicio.<\/p>\n","protected":false},"excerpt":{"rendered":"<p>La hora adicional se hab\u00edan anunciado para ser aplicada una vez que finalice el receso invernal. Aun no est\u00e1 definido, pero se implementar\u00eda en algunos establecimientos seleccionados. El gobierno de la provincia de Buenos Aires anunci\u00f3 un plan para tener una hora m\u00e1s de clases debido a las diferentes complicaciones que se vieron post pandemia [&hellip;]<\/p>\n","protected":false},"author":2,"featured_media":4218,"comment_status":"open","ping_status":"open","sticky":false,"template":"","format":"standard","meta":{"_monsterinsights_skip_tracking":false,"_monsterinsights_sitenote_active":false,"_monsterinsights_sitenote_note":"","_monsterinsights_sitenote_category":0,"footnotes":""},"categories":[152],"tags":[169],"class_list":["post-4217","post","type-post","status-publish","format-standard","has-post-thumbnail","hentry","category-pergamino","tag-169"],"_links":{"self":[{"href":"https:\/\/news.digitaltv.com.ar\/index.php?rest_route=\/wp\/v2\/posts\/4217","targetHints":{"allow":["GET"]}}],"collection":[{"href":"https:\/\/news.digitaltv.com.ar\/index.php?rest_route=\/wp\/v2\/posts"}],"about":[{"href":"https:\/\/news.digitaltv.com.ar\/index.php?rest_route=\/wp\/v2\/types\/post"}],"author":[{"embeddable":true,"href":"https:\/\/news.digitaltv.com.ar\/index.php?rest_route=\/wp\/v2\/users\/2"}],"replies":[{"embeddable":true,"href":"https:\/\/news.digitaltv.com.ar\/index.php?rest_route=%2Fwp%2Fv2%2Fcomments&post=4217"}],"version-history":[{"count":1,"href":"https:\/\/news.digitaltv.com.ar\/index.php?rest_route=\/wp\/v2\/posts\/4217\/revisions"}],"predecessor-version":[{"id":4219,"href":"https:\/\/news.digitaltv.com.ar\/index.php?rest_route=\/wp\/v2\/posts\/4217\/revisions\/4219"}],"wp:featuredmedia":[{"embeddable":true,"href":"https:\/\/news.digitaltv.com.ar\/index.php?rest_route=\/wp\/v2\/media\/4218"}],"wp:attachment":[{"href":"https:\/\/news.digitaltv.com.ar\/index.php?rest_route=%2Fwp%2Fv2%2Fmedia&parent=4217"}],"wp:term":[{"taxonomy":"category","embeddable":true,"href":"https:\/\/news.digitaltv.com.ar\/index.php?rest_route=%2Fwp%2Fv2%2Fcategories&post=4217"},{"taxonomy":"post_tag","embeddable":true,"href":"https:\/\/news.digitaltv.com.ar\/index.php?rest_route=%2Fwp%2Fv2%2Ftags&post=4217"}],"curies":[{"name":"wp","href":"https:\/\/api.w.org\/{rel}","templated":true}]}}