{"id":4236,"date":"2022-08-06T11:32:24","date_gmt":"2022-08-06T14:32:24","guid":{"rendered":"https:\/\/news.digitaltv.com.ar\/?p=4236"},"modified":"2022-08-06T11:32:56","modified_gmt":"2022-08-06T14:32:56","slug":"ricardo-arjona-una-fiesta-entre-blanco-y-negro-y-a-todo-color","status":"publish","type":"post","link":"https:\/\/news.digitaltv.com.ar\/?p=4236","title":{"rendered":"RICARDO ARJONA: UNA FIESTA ENTRE &#8220;BLANCO Y NEGRO&#8221; Y A TODO COLOR"},"content":{"rendered":"\n<p>Ricardo Arjona ofreci\u00f3 anoche el primero de siete recitales porte\u00f1os en un colmado Movistar Arena donde dio inicio al tramo latinoamericano del &#8220;Blanco y Negro Tour&#8221; con una puesta de alto impacto donde el repertorio de ese \u00e1lbum doble qued\u00f3 apenas esbozado en medio de otros hits rom\u00e1nticos que la multitud, mayoritariamente femenina, recibi\u00f3 como un man\u00e1.<\/p>\n\n\n\n<p>A cinco a\u00f1os de sus anteriores presentaciones, entonces con otro espect\u00e1culo de car\u00e1cter conceptual a partir de &#8220;Circo Soledad&#8221;, el trovador guatemalteco utiliz\u00f3 el clima de los discos &#8220;Blanco&#8221; y &#8220;Negro&#8221; (que registr\u00f3 en los estudios Abbey Road) para dar marco a un repertorio que, de todos modos, tuvo como motor los \u00e9xitos que marcaron el trazado de su trayectoria de m\u00e1s de 35 a\u00f1os.<\/p>\n\n\n\n<p>Secundado por una imponente banda internacional con siete instrumentistas y dos coristas que se dispusieron sobre el escenario y tambi\u00e9n sobre dos torres flanqueando el tablado, el artista, de 58 a\u00f1os, cant\u00f3 por delante de un tel\u00f3n virtual por el que se sucedieron v\u00edvidas y notables im\u00e1genes entre el paisaje urbano, el condominio blanco y negro, la postal nocturna o el aguacero, seg\u00fan el momento y la ocasi\u00f3n.<\/p>\n\n\n\n<p>Semejante y cuidada producci\u00f3n parecieron ser una nueva respuesta de Arjona a la cr\u00edtica a su repertorio y a quienes gustan de \u00e9l, aunque en muchos pasajes de la velada result\u00f3 m\u00e1s notable el envoltorio que el contenido.<\/p>\n\n\n\n<p>Estigmatizado por el car\u00e1cter vulgar del texto de sus baladas, la condena al car\u00e1cter de su obra ha perdido peso y sustento en tiempos donde proliferan canciones descartables plagadas de lugares comunes y ninguna poes\u00eda, aunque en este caso amparadas en la romantizaci\u00f3n de un supuesto arte brotado desde la honestidad y las m\u00e1rgenes.<\/p>\n\n\n\n<p>Mientras tanto, Arjona continu\u00f3 con el credo amoroso que le depara una masividad arrasadora y una imponente legi\u00f3n de fan\u00e1ticas en buena parte del globo, tal como lo demuestran la treintena de presentaciones que viene de ofrecer en Europa y los 35 shows brindados en Estados Unidos.<\/p>\n\n\n\n<p>Y, encima, disfruta permiti\u00e9ndose ser incorrecto y provocador en un contexto donde prima la correcci\u00f3n pol\u00edtica que de tan solemne y a contrapelo de la realidad pura y dura, se dibuja como una mueca aburrida y cruel al mismo tiempo.<\/p>\n\n\n\n<p>&#8220;Ha pasado mucho tiempo, han pasado muchas cosas y el mundo se volvi\u00f3 m\u00e1s loco de lo que era&#8221;, salud\u00f3 tras un comienzo furioso con la trilog\u00eda &#8220;Si yo fuera&#8221;, &#8220;Vivir por morir&#8221; y &#8220;Ella&#8221;.<\/p>\n\n\n\n<p>En esa primera alocuci\u00f3n lament\u00f3 la pandemia \u201cque nos encerr\u00f3\u201d pero, matiz\u00f3 no sin iron\u00eda, &#8220;nos dio tiempo y un tel\u00e9fono en la mano y eso es m\u00e1s peligroso que una bomba at\u00f3mica y nos pusimos creativos&#8221;.<\/p>\n\n\n\n<p>La descripci\u00f3n del momento le permiti\u00f3 fustigar la proliferaci\u00f3n de coach, pregunt\u00f3 &#8220;\u00bfdeber\u00eda saludar diciendo \u2018buenas noches a todes\u2019?\u201d y un estruendoso &#8220;no&#8221; fue la respuesta y tambi\u00e9n conden\u00f3 que \u201caparecieron 32 nuevos g\u00e9neros en vez de dejar que la gente haga con su cuerpo lo que quiera\u201d.<\/p>\n\n\n\n<p>Durante otro pasaje entre confesional y actoral, Ricardo hizo un pol\u00e9mico alegato a favor de las mentiras del hombre en el marco de las relaciones de pareja heterosexuales.<\/p>\n\n\n\n<p>En medio de un programa capaz de incluir viejos y populares \u00e9xitos como \u201cSe\u00f1ora de las cuatro d\u00e9cadas\u201d, \u201cAcomp\u00e1\u00f1ame a estar solo\u201d, \u201cTe conozco\u201d, \u201cHistoria de taxi\u201d y \u201cMinutos\u201d, hubo poco espacio para que se despliegue la atm\u00f3sfera m\u00e1s cuidada y elegante del par de placas que dan nombre a esta serie y a esta recorrida planetaria.<\/p>\n\n\n\n<p>Aunque fue despu\u00e9s de la telonera Nani y de una dj que enganch\u00f3 cl\u00e1sicos del rock internacional y mientras dos enormes pelotas inflables con la leyenda Mundo Arjona rebotaban en la platea, que el esp\u00edritu de ese disco se present\u00f3 desde las pantallas con la puesta del clip del registro en vivo de \u201cBatichica\u201d.<\/p>\n\n\n\n<p>El presente art\u00edstico del m\u00fasico que ejecut\u00f3 guitarra y piano, se expres\u00f3 por medio de las versiones de \u201cHongos\u201d, \u201cMorir por vivir\u201d, \u201cDe la ilusi\u00f3n al miedo\u201d y \u201cEl flechazo y la secuela\u201d.<\/p>\n\n\n\n<p>Mientras que la ductilidad musical del show qued\u00f3 evidenciada, por caso, en la combinaci\u00f3n de otros dos cl\u00e1sicos propios: \u201cSin da\u00f1os a terceros\u201d en compa\u00f1\u00eda de viol\u00edn y piano que son\u00f3 instantes antes de una versi\u00f3n rocker\u00edsima y a banda completa de \u201cSi el Norte fuera el Sur\u201d.<\/p>\n\n\n\n<p>Entre lo pretendidamente elegante de la propuesta, Arjona reparti\u00f3 besos voladores, particip\u00f3 de una videollamada con una seguidora cordobesa y las prendas de ropa interior femenina surcaron la noche a modo de devoluci\u00f3n de gentilezas.<\/p>\n\n\n\n<p>Y, mientras tanto, las c\u00e1maras que segu\u00edan las reacciones del p\u00fablico y las reflejaban en dos enormes pantallas laterales mostraron carteles de fans con leyendas como \u201cTengo 39 \u00bfquer\u00e9s que te haga a upa y lo charlamos?\u201d o \u201cPegame y decime Marta\u201d que prolog\u00f3 la interpretaci\u00f3n del dram\u00e1tico tema cuyo t\u00edtulo es el nombre de la dama en cuesti\u00f3n.<\/p>\n\n\n\n<p>El intenso y emocional raid que Arjona propuso somo show integral con unas 27 estaciones, tuvo su cierre, al momento de los bises, con \u201cFuiste T\u00fa\u201d y \u201cMujeres\u201d.<\/p>\n\n\n\n<p>La imponente serie del &#8220;Blanco y Negro Tour&#8221; en el estadio del barrio de Villa Crespo, seguir\u00e1 este fin de semana y luego en las noches del 10, 18, 19 y 20 de agosto.<\/p>\n","protected":false},"excerpt":{"rendered":"<p>Ricardo Arjona ofreci\u00f3 anoche el primero de siete recitales porte\u00f1os en un colmado Movistar Arena donde dio inicio al tramo latinoamericano del &#8220;Blanco y Negro Tour&#8221; con una puesta de alto impacto donde el repertorio de ese \u00e1lbum doble qued\u00f3 apenas esbozado en medio de otros hits rom\u00e1nticos que la multitud, mayoritariamente femenina, recibi\u00f3 como [&hellip;]<\/p>\n","protected":false},"author":1,"featured_media":4237,"comment_status":"open","ping_status":"open","sticky":false,"template":"","format":"standard","meta":{"_monsterinsights_skip_tracking":false,"_monsterinsights_sitenote_active":false,"_monsterinsights_sitenote_note":"","_monsterinsights_sitenote_category":0,"footnotes":""},"categories":[2],"tags":[171],"class_list":["post-4236","post","type-post","status-publish","format-standard","has-post-thumbnail","hentry","category-espectaculos","tag-171"],"_links":{"self":[{"href":"https:\/\/news.digitaltv.com.ar\/index.php?rest_route=\/wp\/v2\/posts\/4236","targetHints":{"allow":["GET"]}}],"collection":[{"href":"https:\/\/news.digitaltv.com.ar\/index.php?rest_route=\/wp\/v2\/posts"}],"about":[{"href":"https:\/\/news.digitaltv.com.ar\/index.php?rest_route=\/wp\/v2\/types\/post"}],"author":[{"embeddable":true,"href":"https:\/\/news.digitaltv.com.ar\/index.php?rest_route=\/wp\/v2\/users\/1"}],"replies":[{"embeddable":true,"href":"https:\/\/news.digitaltv.com.ar\/index.php?rest_route=%2Fwp%2Fv2%2Fcomments&post=4236"}],"version-history":[{"count":1,"href":"https:\/\/news.digitaltv.com.ar\/index.php?rest_route=\/wp\/v2\/posts\/4236\/revisions"}],"predecessor-version":[{"id":4238,"href":"https:\/\/news.digitaltv.com.ar\/index.php?rest_route=\/wp\/v2\/posts\/4236\/revisions\/4238"}],"wp:featuredmedia":[{"embeddable":true,"href":"https:\/\/news.digitaltv.com.ar\/index.php?rest_route=\/wp\/v2\/media\/4237"}],"wp:attachment":[{"href":"https:\/\/news.digitaltv.com.ar\/index.php?rest_route=%2Fwp%2Fv2%2Fmedia&parent=4236"}],"wp:term":[{"taxonomy":"category","embeddable":true,"href":"https:\/\/news.digitaltv.com.ar\/index.php?rest_route=%2Fwp%2Fv2%2Fcategories&post=4236"},{"taxonomy":"post_tag","embeddable":true,"href":"https:\/\/news.digitaltv.com.ar\/index.php?rest_route=%2Fwp%2Fv2%2Ftags&post=4236"}],"curies":[{"name":"wp","href":"https:\/\/api.w.org\/{rel}","templated":true}]}}