{"id":4375,"date":"2022-08-12T13:42:24","date_gmt":"2022-08-12T16:42:24","guid":{"rendered":"https:\/\/news.digitaltv.com.ar\/?p=4375"},"modified":"2022-08-13T10:51:30","modified_gmt":"2022-08-13T13:51:30","slug":"reunion-en-el-ministerio-de-transporte-de-la-nacion-por-el-tren-de-pasajeros-a-pergamino","status":"publish","type":"post","link":"https:\/\/news.digitaltv.com.ar\/?p=4375","title":{"rendered":"REUNI\u00d3N EN EL MINISTERIO DE TRANSPORTE DE LA NACI\u00d3N POR EL TREN DE PASAJEROS A PERGAMINO"},"content":{"rendered":"\n<p>Autoridades del Ministerio de Transporte de la Naci\u00f3n y de Trenes Argentinos recibieron a referentes pol\u00edticos del Frente Renovador y Frente de Todos de Pergamino, en una reuni\u00f3n programada con antelaci\u00f3n el pasado mi\u00e9rcoles 10 de agosto. Durante el encuentro se expuso la necesidad de avanzar con el proyecto para que el tren de pasajeros regrese a nuestra ciudad. La audiencia se dio en el marco de las planificaciones que se vienen desarrollando en la regi\u00f3n donde se recuperaron los ramales ferroviarios que estuvieron detenidos durante <a><\/a>muchos a\u00f1os.<\/p>\n\n\n\n<p>En primer t\u00e9rmino el titular de la cartera nacional de Transporte Alexis Guerreramanifest\u00f3 el enorme desaf\u00edo y esfuerzo que implica para el Estado Nacional reactivar kil\u00f3metros de v\u00edas teniendo en cuenta que se deben realizar tareas de desmonte y desmalezado del tramo a habilitar, se deben mejorar integralmente las v\u00edas y los durmientes y se deben reestructurar las estaciones. Adem\u00e1s, Martin Marinucci, Presidente de Trenes Argentinos, explic\u00f3 que estar\u00eda licit\u00e1ndose, en los pr\u00f3ximos meses, el reacondicionamiento de las v\u00edas hasta la localidad de Arrecifes.<\/p>\n\n\n\n<p>Ante el pedido de los representantes locales que manifestaron la necesidad de proyectar el futuro recorrido del tren que une Pergamino con Rosario, los integrantes de la cartera de Transporte nacional se comprometieron a analizar y evaluar la propuesta presentada.<\/p>\n\n\n\n<p>De la reuni\u00f3n participaron la Directora del INEVH MaritaConti, el Diputado Nacional Lisandro Bormioli, el coordinador de la Unidad de Coordinaci\u00f3n Federal OperativaJorge Solmi, los concejales del Frente de Todos \u2013 Frente Renovador Marcela Conti y \u00c1lvaro Reynoso, y el referente de Juventud del Frente Renovador, Bernardo Fiore Pitrelli.<\/p>\n","protected":false},"excerpt":{"rendered":"<p>Autoridades del Ministerio de Transporte de la Naci\u00f3n y de Trenes Argentinos recibieron a referentes pol\u00edticos del Frente Renovador y Frente de Todos de Pergamino, en una reuni\u00f3n programada con antelaci\u00f3n el pasado mi\u00e9rcoles 10 de agosto. Durante el encuentro se expuso la necesidad de avanzar con el proyecto para que el tren de pasajeros [&hellip;]<\/p>\n","protected":false},"author":1,"featured_media":4376,"comment_status":"open","ping_status":"open","sticky":false,"template":"","format":"standard","meta":{"_monsterinsights_skip_tracking":false,"_monsterinsights_sitenote_active":false,"_monsterinsights_sitenote_note":"","_monsterinsights_sitenote_category":0,"footnotes":""},"categories":[152],"tags":[160],"class_list":["post-4375","post","type-post","status-publish","format-standard","has-post-thumbnail","hentry","category-pergamino","tag-160"],"_links":{"self":[{"href":"https:\/\/news.digitaltv.com.ar\/index.php?rest_route=\/wp\/v2\/posts\/4375","targetHints":{"allow":["GET"]}}],"collection":[{"href":"https:\/\/news.digitaltv.com.ar\/index.php?rest_route=\/wp\/v2\/posts"}],"about":[{"href":"https:\/\/news.digitaltv.com.ar\/index.php?rest_route=\/wp\/v2\/types\/post"}],"author":[{"embeddable":true,"href":"https:\/\/news.digitaltv.com.ar\/index.php?rest_route=\/wp\/v2\/users\/1"}],"replies":[{"embeddable":true,"href":"https:\/\/news.digitaltv.com.ar\/index.php?rest_route=%2Fwp%2Fv2%2Fcomments&post=4375"}],"version-history":[{"count":1,"href":"https:\/\/news.digitaltv.com.ar\/index.php?rest_route=\/wp\/v2\/posts\/4375\/revisions"}],"predecessor-version":[{"id":4377,"href":"https:\/\/news.digitaltv.com.ar\/index.php?rest_route=\/wp\/v2\/posts\/4375\/revisions\/4377"}],"wp:featuredmedia":[{"embeddable":true,"href":"https:\/\/news.digitaltv.com.ar\/index.php?rest_route=\/wp\/v2\/media\/4376"}],"wp:attachment":[{"href":"https:\/\/news.digitaltv.com.ar\/index.php?rest_route=%2Fwp%2Fv2%2Fmedia&parent=4375"}],"wp:term":[{"taxonomy":"category","embeddable":true,"href":"https:\/\/news.digitaltv.com.ar\/index.php?rest_route=%2Fwp%2Fv2%2Fcategories&post=4375"},{"taxonomy":"post_tag","embeddable":true,"href":"https:\/\/news.digitaltv.com.ar\/index.php?rest_route=%2Fwp%2Fv2%2Ftags&post=4375"}],"curies":[{"name":"wp","href":"https:\/\/api.w.org\/{rel}","templated":true}]}}