{"id":4495,"date":"2022-08-18T14:05:26","date_gmt":"2022-08-18T17:05:26","guid":{"rendered":"https:\/\/news.digitaltv.com.ar\/?p=4495"},"modified":"2022-08-20T09:29:10","modified_gmt":"2022-08-20T12:29:10","slug":"museo-del-inmigrante-de-guerrico-casa-de-la-cultura","status":"publish","type":"post","link":"https:\/\/news.digitaltv.com.ar\/?p=4495","title":{"rendered":"MUSEO DEL INMIGRANTE DE GUERRICO CASA DE LA CULTURA"},"content":{"rendered":"\n<p>Sab\u00edas que Guerrico fue el lugar de la Argentina que mayor inmigraci\u00f3n sanmarinense recibi\u00f3?<\/p>\n\n\n\n<p>En honor a ellos y a los italianos, espa\u00f1oles, alemanes, irlandeses, sirios, belgas, yugoslavos y franceses que eligieron estas tierras para radicarse, es que este s\u00e1bado se inaugurar\u00e1 el \ud835\udde0\ud835\ude02\ud835\ude00\ud835\uddf2\ud835\uddfc \ud835\uddf1\ud835\uddf2\ud835\uddf9 I\ud835\uddfb\ud835\uddfa\ud835\uddf6\ud835\uddf4\ud835\uddff\ud835\uddee\ud835\uddfb\ud835\ude01\ud835\uddf2 .<\/p>\n\n\n\n<p>Desde las 14.30 hrs. se podr\u00e1 visitar la muestra, disfrutar de intervenciones art\u00edsticas y deleitarse con las piadinas sanmarinenses.<\/p>\n\n\n\n<p>Te esperamos en la Casa de la Cultura de Guerrico, en la Estaci\u00f3n de Ferrocarril.<\/p>\n\n\n\n<p>.<\/p>\n","protected":false},"excerpt":{"rendered":"<p>Sab\u00edas que Guerrico fue el lugar de la Argentina que mayor inmigraci\u00f3n sanmarinense recibi\u00f3? En honor a ellos y a los italianos, espa\u00f1oles, alemanes, irlandeses, sirios, belgas, yugoslavos y franceses que eligieron estas tierras para radicarse, es que este s\u00e1bado se inaugurar\u00e1 el \ud835\udde0\ud835\ude02\ud835\ude00\ud835\uddf2\ud835\uddfc \ud835\uddf1\ud835\uddf2\ud835\uddf9 I\ud835\uddfb\ud835\uddfa\ud835\uddf6\ud835\uddf4\ud835\uddff\ud835\uddee\ud835\uddfb\ud835\ude01\ud835\uddf2 . Desde las 14.30 hrs. se podr\u00e1 visitar la [&hellip;]<\/p>\n","protected":false},"author":1,"featured_media":4496,"comment_status":"open","ping_status":"open","sticky":false,"template":"","format":"standard","meta":{"_monsterinsights_skip_tracking":false,"_monsterinsights_sitenote_active":false,"_monsterinsights_sitenote_note":"","_monsterinsights_sitenote_category":0,"footnotes":""},"categories":[152],"tags":[160],"class_list":["post-4495","post","type-post","status-publish","format-standard","has-post-thumbnail","hentry","category-pergamino","tag-160"],"_links":{"self":[{"href":"https:\/\/news.digitaltv.com.ar\/index.php?rest_route=\/wp\/v2\/posts\/4495","targetHints":{"allow":["GET"]}}],"collection":[{"href":"https:\/\/news.digitaltv.com.ar\/index.php?rest_route=\/wp\/v2\/posts"}],"about":[{"href":"https:\/\/news.digitaltv.com.ar\/index.php?rest_route=\/wp\/v2\/types\/post"}],"author":[{"embeddable":true,"href":"https:\/\/news.digitaltv.com.ar\/index.php?rest_route=\/wp\/v2\/users\/1"}],"replies":[{"embeddable":true,"href":"https:\/\/news.digitaltv.com.ar\/index.php?rest_route=%2Fwp%2Fv2%2Fcomments&post=4495"}],"version-history":[{"count":1,"href":"https:\/\/news.digitaltv.com.ar\/index.php?rest_route=\/wp\/v2\/posts\/4495\/revisions"}],"predecessor-version":[{"id":4497,"href":"https:\/\/news.digitaltv.com.ar\/index.php?rest_route=\/wp\/v2\/posts\/4495\/revisions\/4497"}],"wp:featuredmedia":[{"embeddable":true,"href":"https:\/\/news.digitaltv.com.ar\/index.php?rest_route=\/wp\/v2\/media\/4496"}],"wp:attachment":[{"href":"https:\/\/news.digitaltv.com.ar\/index.php?rest_route=%2Fwp%2Fv2%2Fmedia&parent=4495"}],"wp:term":[{"taxonomy":"category","embeddable":true,"href":"https:\/\/news.digitaltv.com.ar\/index.php?rest_route=%2Fwp%2Fv2%2Fcategories&post=4495"},{"taxonomy":"post_tag","embeddable":true,"href":"https:\/\/news.digitaltv.com.ar\/index.php?rest_route=%2Fwp%2Fv2%2Ftags&post=4495"}],"curies":[{"name":"wp","href":"https:\/\/api.w.org\/{rel}","templated":true}]}}