{"id":4537,"date":"2022-08-20T09:19:15","date_gmt":"2022-08-20T12:19:15","guid":{"rendered":"https:\/\/news.digitaltv.com.ar\/?p=4537"},"modified":"2022-08-22T08:48:07","modified_gmt":"2022-08-22T11:48:07","slug":"espert-solicito-que-massa-informe-sobre-el-plan-economico-a-diputados","status":"publish","type":"post","link":"https:\/\/news.digitaltv.com.ar\/?p=4537","title":{"rendered":"ESPERT SOLICIT\u00d3 QUE MASSA &#8220;INFORME SOBRE EL PLAN ECON\u00d3MICO&#8221; A DIPUTADOS"},"content":{"rendered":"\n<p>El diputado nacional por Avanza Libertad Jos\u00e9 Luis Espert present\u00f3 hoy un proyecto de resoluci\u00f3n por el cual solicit\u00f3 que el ministro de Econom\u00eda, Sergio Massa, &#8220;informe a la C\u00e1mara de Diputados acerca del plan econ\u00f3mico y social y la aplicaci\u00f3n de pol\u00edticas p\u00fablicas que tiene pensado llevar adelante&#8221;.<\/p>\n\n\n\n<p>&#8220;Que el Ministro de Econom\u00eda venga al Congreso y nos explique de qu\u00e9 plan de desarrollo econ\u00f3mico habla, c\u00f3mo va a involucrar a los partidos pol\u00edticos, provincias y a la sociedad. El di\u00e1logo debe ser a puertas abiertas&#8221;, reclam\u00f3 el economista.<\/p>\n\n\n\n<p>A trav\u00e9s de un comunicado, el legislador se\u00f1al\u00f3 que &#8220;la iniciativa surgi\u00f3 a partir de las declaraciones del Ministro de Econom\u00eda en el &#8216;Council of the Americas&#8217;, donde manifest\u00f3 sus intenciones de encontrar acuerdos y consensos b\u00e1sicos para el desarrollo de la Argentina.&#8221;<\/p>\n\n\n\n<p>Seg\u00fan anticip\u00f3 el autor de la iniciativa, la misma cuenta con m\u00e1s de 30 respaldos de legisladores de Juntos por el Cambio referenciados en los bloques PRO, UCR, Evoluci\u00f3n radical y Ahora Patria.<\/p>\n","protected":false},"excerpt":{"rendered":"<p>El diputado nacional por Avanza Libertad Jos\u00e9 Luis Espert present\u00f3 hoy un proyecto de resoluci\u00f3n por el cual solicit\u00f3 que el ministro de Econom\u00eda, Sergio Massa, &#8220;informe a la C\u00e1mara de Diputados acerca del plan econ\u00f3mico y social y la aplicaci\u00f3n de pol\u00edticas p\u00fablicas que tiene pensado llevar adelante&#8221;. &#8220;Que el Ministro de Econom\u00eda venga [&hellip;]<\/p>\n","protected":false},"author":2,"featured_media":4249,"comment_status":"open","ping_status":"open","sticky":false,"template":"","format":"standard","meta":{"_monsterinsights_skip_tracking":false,"_monsterinsights_sitenote_active":false,"_monsterinsights_sitenote_note":"","_monsterinsights_sitenote_category":0,"footnotes":""},"categories":[150],"tags":[160],"class_list":["post-4537","post","type-post","status-publish","format-standard","has-post-thumbnail","hentry","category-actualidad","tag-160"],"_links":{"self":[{"href":"https:\/\/news.digitaltv.com.ar\/index.php?rest_route=\/wp\/v2\/posts\/4537","targetHints":{"allow":["GET"]}}],"collection":[{"href":"https:\/\/news.digitaltv.com.ar\/index.php?rest_route=\/wp\/v2\/posts"}],"about":[{"href":"https:\/\/news.digitaltv.com.ar\/index.php?rest_route=\/wp\/v2\/types\/post"}],"author":[{"embeddable":true,"href":"https:\/\/news.digitaltv.com.ar\/index.php?rest_route=\/wp\/v2\/users\/2"}],"replies":[{"embeddable":true,"href":"https:\/\/news.digitaltv.com.ar\/index.php?rest_route=%2Fwp%2Fv2%2Fcomments&post=4537"}],"version-history":[{"count":1,"href":"https:\/\/news.digitaltv.com.ar\/index.php?rest_route=\/wp\/v2\/posts\/4537\/revisions"}],"predecessor-version":[{"id":4538,"href":"https:\/\/news.digitaltv.com.ar\/index.php?rest_route=\/wp\/v2\/posts\/4537\/revisions\/4538"}],"wp:featuredmedia":[{"embeddable":true,"href":"https:\/\/news.digitaltv.com.ar\/index.php?rest_route=\/wp\/v2\/media\/4249"}],"wp:attachment":[{"href":"https:\/\/news.digitaltv.com.ar\/index.php?rest_route=%2Fwp%2Fv2%2Fmedia&parent=4537"}],"wp:term":[{"taxonomy":"category","embeddable":true,"href":"https:\/\/news.digitaltv.com.ar\/index.php?rest_route=%2Fwp%2Fv2%2Fcategories&post=4537"},{"taxonomy":"post_tag","embeddable":true,"href":"https:\/\/news.digitaltv.com.ar\/index.php?rest_route=%2Fwp%2Fv2%2Ftags&post=4537"}],"curies":[{"name":"wp","href":"https:\/\/api.w.org\/{rel}","templated":true}]}}