{"id":461,"date":"2022-03-03T12:17:50","date_gmt":"2022-03-03T15:17:50","guid":{"rendered":"https:\/\/wp.digitaltv.com.ar\/?p=461"},"modified":"2022-03-03T12:17:51","modified_gmt":"2022-03-03T15:17:51","slug":"javier-martinez-nuestro-pais-necesita-de-muchas-ciudades-como-la-nuestra","status":"publish","type":"post","link":"https:\/\/news.digitaltv.com.ar\/?p=461","title":{"rendered":"Javier Martinez \u201cnuestro pa\u00eds necesita de muchas ciudades como la nuestra\u201d"},"content":{"rendered":"\n<p>El intendente de la ciudad Javier Mart\u00ednez, inici\u00f3 el a\u00f1o legislativo en el concejo deliberante. Resalt\u00f3 su gesti\u00f3n y repas\u00f3 las obras realizadas.<\/p>\n\n\n\n<p>El intendente <strong>Javier Martinez,<\/strong> inici\u00f3 las sesiones legislativas con un discurso que se extendi\u00f3 poco m\u00e1s de media hora, resalt\u00f3 una vez m\u00e1s el apoyo del vecino y repas\u00f3 algunas de las obras que realizaron en el 2021.<\/p>\n\n\n\n<p>\u201cEl pueblo se expresa en la urnas y as\u00ed lo hizo en noviembre, la interna que tuvimos en la provincia nos gener\u00f3 nuevas esperanzas, en nuestra ciudad recibimos un contundente apoyo de nuestros vecinos, ese resultado es la forma en que la comunidad nos dice que vamos en el camino correcto\u201d remarc\u00f3.<\/p>\n\n\n\n<p>Por otro lado apunt\u00f3 contra el gobierno nacional y provincial \u201cnuestro pa\u00eds necesita de muchas ciudades como la nuestra donde la pol\u00edtica se dedica m\u00e1s a los recursos p\u00fablicos y menos a las cuestiones ideol\u00f3gicas, donde se pone al vecino como principal beneficiario y no a la pol\u00edtica, donde se respeta, se acompa\u00f1a y se co-funda al sector privado generador de riquezas en la comunidad\u201d mencionando luego la llegada de diez empresas para este a\u00f1o.<\/p>\n\n\n\n<p>Para finalizar agreg\u00f3 \u201cComo balance del 2021 llegamos casi&nbsp; a&nbsp; la totalidad de objetivos propuestos, ampliaci\u00f3n de agua, entrega de lotes, camiones recolectores, mejores servicios, arreglos de pavimentos, somos una ciudad moderna\u201d.<\/p>\n","protected":false},"excerpt":{"rendered":"<p>El intendente de la ciudad Javier Mart\u00ednez, inici\u00f3 el a\u00f1o legislativo en el concejo deliberante. Resalt\u00f3 su gesti\u00f3n y repas\u00f3 las obras realizadas. El intendente Javier Martinez, inici\u00f3 las sesiones legislativas con un discurso que se extendi\u00f3 poco m\u00e1s de media hora, resalt\u00f3 una vez m\u00e1s el apoyo del vecino y repas\u00f3 algunas de las [&hellip;]<\/p>\n","protected":false},"author":2,"featured_media":462,"comment_status":"open","ping_status":"open","sticky":false,"template":"","format":"standard","meta":{"_monsterinsights_skip_tracking":false,"_monsterinsights_sitenote_active":false,"_monsterinsights_sitenote_note":"","_monsterinsights_sitenote_category":0,"footnotes":""},"categories":[152,6],"tags":[],"class_list":["post-461","post","type-post","status-publish","format-standard","has-post-thumbnail","hentry","category-pergamino","category-politica"],"_links":{"self":[{"href":"https:\/\/news.digitaltv.com.ar\/index.php?rest_route=\/wp\/v2\/posts\/461","targetHints":{"allow":["GET"]}}],"collection":[{"href":"https:\/\/news.digitaltv.com.ar\/index.php?rest_route=\/wp\/v2\/posts"}],"about":[{"href":"https:\/\/news.digitaltv.com.ar\/index.php?rest_route=\/wp\/v2\/types\/post"}],"author":[{"embeddable":true,"href":"https:\/\/news.digitaltv.com.ar\/index.php?rest_route=\/wp\/v2\/users\/2"}],"replies":[{"embeddable":true,"href":"https:\/\/news.digitaltv.com.ar\/index.php?rest_route=%2Fwp%2Fv2%2Fcomments&post=461"}],"version-history":[{"count":1,"href":"https:\/\/news.digitaltv.com.ar\/index.php?rest_route=\/wp\/v2\/posts\/461\/revisions"}],"predecessor-version":[{"id":463,"href":"https:\/\/news.digitaltv.com.ar\/index.php?rest_route=\/wp\/v2\/posts\/461\/revisions\/463"}],"wp:featuredmedia":[{"embeddable":true,"href":"https:\/\/news.digitaltv.com.ar\/index.php?rest_route=\/wp\/v2\/media\/462"}],"wp:attachment":[{"href":"https:\/\/news.digitaltv.com.ar\/index.php?rest_route=%2Fwp%2Fv2%2Fmedia&parent=461"}],"wp:term":[{"taxonomy":"category","embeddable":true,"href":"https:\/\/news.digitaltv.com.ar\/index.php?rest_route=%2Fwp%2Fv2%2Fcategories&post=461"},{"taxonomy":"post_tag","embeddable":true,"href":"https:\/\/news.digitaltv.com.ar\/index.php?rest_route=%2Fwp%2Fv2%2Ftags&post=461"}],"curies":[{"name":"wp","href":"https:\/\/api.w.org\/{rel}","templated":true}]}}