{"id":4652,"date":"2022-08-25T09:05:56","date_gmt":"2022-08-25T12:05:56","guid":{"rendered":"https:\/\/news.digitaltv.com.ar\/?p=4652"},"modified":"2022-08-25T09:12:24","modified_gmt":"2022-08-25T12:12:24","slug":"el-magnetismo-de-frida-kahlo-duplicado-copa-la-nueva-muestra-del-malba","status":"publish","type":"post","link":"https:\/\/news.digitaltv.com.ar\/?p=4652","title":{"rendered":"EL MAGNETISMO DE FRIDA KAHLO, DUPLICADO, COPA LA NUEVA MUESTRA DEL MALBA"},"content":{"rendered":"\n<p>&#8220;Tercer ojo&#8221; se titula la nueva exposici\u00f3n del Malba, que se inaugura ma\u00f1ana a las 19 y que re\u00fane m\u00e1s de 240 obras ic\u00f3nicas del arte latinoamericano, incluidas la peque\u00f1a pintura de Frida Kahlo, &#8220;Diego y yo&#8221;, la m\u00e1s cara del arte de la regi\u00f3n, junto a nombres como Diego Rivera, Tarsila do Amaral, Xul Solar, Joaqu\u00edn Torres Garc\u00eda, Emilio Pettoruti, Maria Martins, Remedios Varo, Antonio Berni y Jorge de la Vega, entre otros.<\/p>\n\n\n\n<p>Es una suerte de capilla, un espacio contemplativo y de reposo, con luces bajas y con sus paredes -y piso- completamente pintadas de negro, la que alberga a la flamante adquisici\u00f3n de Eduardo Costantini, la pintura &#8220;Diego y yo&#8221;, puertas adentro del museo. A su lado, casi del mismo tama\u00f1o, otra estrella de la colecci\u00f3n, &#8220;Autorretrato con chango y loro&#8221; completan el punto obligado de esta peregrinaci\u00f3n art\u00edstica. Se incluye una gran fotograf\u00eda de Frida en blanco y negro justo antes de entrar al recinto, tan \u00edntimo que cuenta con aforo reducido, de no m\u00e1s de doce personas por vez para contemplarlas.<\/p>\n\n\n\n<p>Hay en ese santuario fotograf\u00edas personales de Frida, algunas que tom\u00f3 su padre de profesi\u00f3n fot\u00f3grafo, un pa\u00f1uelo blanco, personal, donde la artista escribi\u00f3 unas palabras y dej\u00f3 la marca de sus labios con un beso, otra imagen que la muestra en una de sus tantas internaciones hospitalarias, una carta manuscrita firmada por la mexicana. &#8220;Cuate querida&#8221;, le escribe Frida a su amiga Isabel Campos en otra de las misivas enmarcadas detr\u00e1s de un vidrio, cerca de dos camisas (blusas tipo Huipil Juchiteco) que pertenecieron a ella y que se enmarcan en su t\u00edpico estilo latinoamericano. &#8220;Este conjunto acompa\u00f1an ese sentido de intimidad que quisimos dar a todo el conjunto en esta capilla&#8221;, explica Mar\u00eda Amalia Garc\u00eda, curadora en jefe de Malba, durante la recorrida para prensa.<\/p>\n\n\n\n<p>Poco antes de que se pueda acceder a la sala, el fundador de Malba, Eduardo Costantini, dio una conferencia en el Auditorio del museo, donde repas\u00f3 su historia como coleccionista que encuentra un punto apote\u00f3sico con la adquisici\u00f3n de esta obra pintada en 1949, para su acervo personal, que ahora exhibe y por la que pag\u00f3 34,9 millones de d\u00f3lares.<\/p>\n\n\n\n<p>La muestra traza &#8220;un devenir de este acervo cultural. Los veinte a\u00f1os antes de fundar el Malba y los 20 posteriores -que se celebraron en 2021- y es la primera vez que se presenta la colecci\u00f3n Costantini en di\u00e1logo con la del Malba&#8221;, cont\u00f3 el coleccionista y admiti\u00f3: &#8220;He comprado obras que en lo personal no me gustaban nada pero una de las fortalezas de Malba es su identidad muy clara&#8221;.<\/p>\n\n\n\n<p>Repas\u00f3 adem\u00e1s que son 40 las familias que contribuyen al &#8220;fuerte&#8221; programa de adquisiciones del museo y que actualmente se han hecho pr\u00e9stamos al SFMoMA (de San Francisco), a la Bienal de Venecia (con dos obras de Remedios Varo) y han hecho lo propio con espacios como el Whitney o el Museo de Arte Moderno de Nueva York, entre otros. &#8220;Siempre estamos abiertos a la difusi\u00f3n del arte latinoamericano&#8221;, reforz\u00f3.<\/p>\n\n\n\n<p>Justamente, es este di\u00e1logo que permite hoy ver en conjunto las dos Fridas, como parte de su exposici\u00f3n permanente -que permanecer\u00e1 un a\u00f1o en exhibici\u00f3n- que el museo pone a dialogar, por primera vez, y que propone un conjunto documental imperdible. Est\u00e1 all\u00ed, detr\u00e1s de una vitrina, la invitaci\u00f3n a la \u00faltima exposici\u00f3n de Frida antes de morir, que tuvo lugar en la galer\u00eda mexicana de Lola \u00c1lvarez Bravo, 1953. Kahlo lleg\u00f3 a aquella exhibici\u00f3n, ya moribunda, recostada en una cama. Y es esa intenci\u00f3n de ir a su propia muestra, a como d\u00e9 lugar, esa pulsi\u00f3n vital, la que engloba todo el conjunto de &#8220;Tercer ojo&#8221;, o tal como indica el texto de sala: &#8220;habitar y transformar&#8221;, son las dos ideas centrales de todo el recorrido.<\/p>\n\n\n\n<p>Y es tambi\u00e9n esa idea de intimidad, de espacio para detenerse y contemplar, la que acompa\u00f1a el resto de la exposici\u00f3n, como peque\u00f1as cajas -gracias a la paneler\u00eda- que van formando reducidas salas expositivas, y que dan la bienvenida con un cl\u00e1sico de la colecci\u00f3n, la escultura &#8220;Lo imposible&#8221; de Mar\u00eda Martins, esa mole en yeso de dos figuras tentaculares, en tensi\u00f3n y atracci\u00f3n a un mismo tiempo. Justo detr\u00e1s de ella se ubica el inmenso &#8220;Rompecabezas&#8221; de Jorge de la Vega, basado en una idea de cuadros intercambiables.<\/p>\n\n\n\n<p>&#8220;Me siento m\u00e1s que nunca brasile\u00f1a. Yo quiero ser la pintora de mi pa\u00eds&#8221;, dec\u00eda Tarsila do Amaral en 1925, pocos a\u00f1os antes de pintar &#8220;Abaporu&#8221; (que en tupi-guarani significa &#8220;hombre que come hombre&#8221;), obra que se transform\u00f3 en uno de los emblemas del movimiento antropof\u00e1gico, impulsado por Oswald de Andrade, su pareja, que propugnaba una identidad brasile\u00f1a. La pareja, en tanto dupla creativa, fue apodada con el acople de sus nombres: &#8220;Tarsiwald&#8221;, se lee en la sala.<\/p>\n\n\n\n<p>Hay obras de artistas como Xul Solar, con referencias a las culturas ancestrales -desde una perspectiva americanista- pero tambi\u00e9n est\u00e1 all\u00ed la obra de Nicol\u00e1s Garc\u00eda Uriburu, un pionero en aludir a la crisis ambiental con su preocupaci\u00f3n por los ecosistemas. Con su serie &#8220;Hidrocrom\u00eda intercontinental&#8221;, ya desde 1968 Nicol\u00e1s Garc\u00eda Uriburu mostraba esta inquietud explorando el v\u00ednculo entre la pr\u00e1ctica pict\u00f3rica y las acciones basadas en la coloraci\u00f3n del agua: en el marco de su protesta por la contaminaci\u00f3n h\u00eddrica, hizo intervenciones en el canal de Venecia y en r\u00edos, fuentes y puertos de todo el mundo.<\/p>\n\n\n\n<p>&#8220;Estoy trabajando en un nuevo personaje femenino: Ramona Montiel. He comprado un vestido con lentejuelas que uso para dar la atm\u00f3sfera de la vida de mi gran cocotte en su apoteosis&#8221;, describ\u00eda Antonio Berni a su nueva serie iniciada con &#8220;La gran tentaci\u00f3n&#8221;, collage publicitario combinado con el assemblage de restos industriales, como esplendores y miserias de la sociedad de consumo.<\/p>\n\n\n\n<p>Con eje en la idea de &#8220;Transformar lo social&#8221;, una de las salas del recorrido alude a los a\u00f1os 60 como una d\u00e9cada convulsa que determin\u00f3 transformaciones radicales en t\u00e9rminos sociales, pol\u00edticos y culturales. El itinerario da cuenta de la transformaci\u00f3n del mundo como una demanda urgente asociada a la necesidad de resistir a los sistemas de dominaci\u00f3n: all\u00ed destaca el artista Cildo Meireles con el proyecto &#8220;Inser\u00e7\u00f5es em circuitos ideologicos: Projeto Coca-Cola&#8221;, que buscaba crear un sistema de circulaci\u00f3n independiente de cualquier tipo de control centralizado.<\/p>\n\n\n\n<p>El surrealismo aparece representado tambi\u00e9n en otra sala, ya no solo desde la \u00f3ptica de artistas como Remedios Varo o Antonio Berni, sino tambi\u00e9n desde la fotograf\u00eda de Grete Stern y sus fotomontajes sobre sue\u00f1os para la revista Idilio.<\/p>\n\n\n\n<p>Si se piensa en c\u00f3mo &#8220;Transformar el cuerpo&#8221; es inevitable la referencia a una gran obra de la historia reciente argentina, &#8220;Maresca se entrega&#8221;, donde la artista Liliana Maresca pos\u00f3 desnuda con sus obras en una serie de fotos que le tom\u00f3 el artista Marcos L\u00f3pez, junto a su n\u00famero telef\u00f3nico real. El cartel como de publicidad se encuentra apoyado en el piso de la sala<\/p>\n\n\n\n<p>&#8220;Creo que el erotismo es la comunicaci\u00f3n m\u00e1s primaria, y yo con mi obra estoy hablando del amor, del encuentro, de la amistad con otro&#8221;, dec\u00eda Maresca tal como se lee casi en el final del recorrido del primer piso del museo, donde -con un gran atino- la muestra cierra con una alusi\u00f3n al deseo de ser otro. All\u00ed se ve, casi en el final la obra del d\u00fao chileno Las Yeguas del Apocalipsis, una versi\u00f3n escenificada de la famosa pintura &#8220;Las dos Fridas&#8221;, de Frida Kahlo.<\/p>\n\n\n\n<p>Luego de bajar las escaleras mec\u00e1nicas del museo, habr\u00e1 que darse una vuelta por la planta baja, donde se puede ver el verdadero final de la exposici\u00f3n -que bien puede pensarse como una escena pos cr\u00e9ditos si esto fuera una pel\u00edcula-: all\u00ed est\u00e1n obras recientes como las &#8220;ventanas&#8221; de Mariela Scafati, &#8220;Switchboard&#8221; de Amalia Pica o &#8220;Monta\u00f1as&#8221; de Claudia Fontes, en referencia a c\u00f3mo &#8220;Transformar la palabra&#8221;. Ejemplos de c\u00f3mo el arte visual contempor\u00e1neo incluy\u00f3 la palabra entre sus formas de expresi\u00f3n, entendiendo el lenguaje como un sistema inestable y cambiante, en constante construcci\u00f3n, siempre vivo.<\/p>\n\n\n\n<p>La muestra &#8220;Tercer ojo&#8221; permanecer\u00e1 durante un a\u00f1o en el museo de Avenida Figueroa Alcorta 3415.<\/p>\n","protected":false},"excerpt":{"rendered":"<p>&#8220;Tercer ojo&#8221; se titula la nueva exposici\u00f3n del Malba, que se inaugura ma\u00f1ana a las 19 y que re\u00fane m\u00e1s de 240 obras ic\u00f3nicas del arte latinoamericano, incluidas la peque\u00f1a pintura de Frida Kahlo, &#8220;Diego y yo&#8221;, la m\u00e1s cara del arte de la regi\u00f3n, junto a nombres como Diego Rivera, Tarsila do Amaral, Xul [&hellip;]<\/p>\n","protected":false},"author":1,"featured_media":4653,"comment_status":"open","ping_status":"open","sticky":false,"template":"","format":"standard","meta":{"_monsterinsights_skip_tracking":false,"_monsterinsights_sitenote_active":false,"_monsterinsights_sitenote_note":"","_monsterinsights_sitenote_category":0,"footnotes":""},"categories":[155],"tags":[171],"class_list":["post-4652","post","type-post","status-publish","format-standard","has-post-thumbnail","hentry","category-cultura","tag-171"],"_links":{"self":[{"href":"https:\/\/news.digitaltv.com.ar\/index.php?rest_route=\/wp\/v2\/posts\/4652","targetHints":{"allow":["GET"]}}],"collection":[{"href":"https:\/\/news.digitaltv.com.ar\/index.php?rest_route=\/wp\/v2\/posts"}],"about":[{"href":"https:\/\/news.digitaltv.com.ar\/index.php?rest_route=\/wp\/v2\/types\/post"}],"author":[{"embeddable":true,"href":"https:\/\/news.digitaltv.com.ar\/index.php?rest_route=\/wp\/v2\/users\/1"}],"replies":[{"embeddable":true,"href":"https:\/\/news.digitaltv.com.ar\/index.php?rest_route=%2Fwp%2Fv2%2Fcomments&post=4652"}],"version-history":[{"count":1,"href":"https:\/\/news.digitaltv.com.ar\/index.php?rest_route=\/wp\/v2\/posts\/4652\/revisions"}],"predecessor-version":[{"id":4654,"href":"https:\/\/news.digitaltv.com.ar\/index.php?rest_route=\/wp\/v2\/posts\/4652\/revisions\/4654"}],"wp:featuredmedia":[{"embeddable":true,"href":"https:\/\/news.digitaltv.com.ar\/index.php?rest_route=\/wp\/v2\/media\/4653"}],"wp:attachment":[{"href":"https:\/\/news.digitaltv.com.ar\/index.php?rest_route=%2Fwp%2Fv2%2Fmedia&parent=4652"}],"wp:term":[{"taxonomy":"category","embeddable":true,"href":"https:\/\/news.digitaltv.com.ar\/index.php?rest_route=%2Fwp%2Fv2%2Fcategories&post=4652"},{"taxonomy":"post_tag","embeddable":true,"href":"https:\/\/news.digitaltv.com.ar\/index.php?rest_route=%2Fwp%2Fv2%2Ftags&post=4652"}],"curies":[{"name":"wp","href":"https:\/\/api.w.org\/{rel}","templated":true}]}}