{"id":4717,"date":"2022-08-27T13:45:51","date_gmt":"2022-08-27T16:45:51","guid":{"rendered":"https:\/\/news.digitaltv.com.ar\/?p=4717"},"modified":"2022-08-27T13:46:10","modified_gmt":"2022-08-27T16:46:10","slug":"lisandro-bormioli-lo-que-estan-haciendo-con-la-vicepresidenta-es-una-evidente-persecucion-politica-y-un-caso-mas-de-lawfare","status":"publish","type":"post","link":"https:\/\/news.digitaltv.com.ar\/?p=4717","title":{"rendered":"LISANDRO BORMIOLI \u201cLO QUE ESTAN HACIENDO CON LA VICEPRESIDENTA ES UNA EVIDENTE PERSECUCI\u00d3N POL\u00cdTICA Y UN CASO M\u00c1S DE LAWFARE\u201d"},"content":{"rendered":"\n<p>El diputado nacional Lisandro Bormioli se refiri\u00f3 a la situaci\u00f3n que est\u00e1 atravesando Cristina Fern\u00e1ndez de Kirchner y dijo que \u201clo que est\u00e1n haciendo con la vicepresidenta es una evidente persecuci\u00f3n pol\u00edtica y un caso m\u00e1s de lawfare, a los que lamentablemente estamos acostumbrados en Latinoam\u00e9rica\u201d.<\/p>\n\n\n\n<p>\u201cCiertos sectores de la oposici\u00f3n, junto a sectores medi\u00e1ticos y judiciales montan un show medi\u00e1tico, cuyo objetivo es proscribir a Cristina Fern\u00e1ndez de Kirchner y disciplinar a toda la dirigencia pol\u00edtica que defienda los intereses populares. Es una causa que se tendr\u00eda que haber cerrado por falta de pruebas, pero se mantuvo por razones pol\u00edticas. . No se respet\u00f3 el debido proceso legal y la argumentaci\u00f3n que vimos se pareci\u00f3 m\u00e1s a un lanzamiento electoral que a otra cosa. Muestra de ello es que le negaron el derecho a defensa cuando solicit\u00f3 ampliar su declaraci\u00f3n ante la introducci\u00f3n de hechos que no estuvieron en la instrucci\u00f3n del juicio\u201d.<\/p>\n\n\n\n<p>Las y los argentinos \u201cya conocemos estas maniobras que buscan proscribir a los l\u00edderes populares como lo hicieron con Per\u00f3n e intentaron hacer con Eva. En la historia reciente en pa\u00edses hermanos actuaron de la misma forma con Lula, con Evo, con Correa, con Lugo e incluso con el flamante presidente de Colombia (Petro) que tuvo que sufrir una destituci\u00f3n cuando fue alcalde\u201d.<\/p>\n\n\n\n<p>Asimismo, el diputado dijo que el pueblo va a defender a Cristina. Hubo manifestaciones espont\u00e1neas y numerosas que as\u00ed lo dejaron en claro. \u201cEsta causa no es contra CFK, como ella misma remarc\u00f3, sino contra el peronismo y los gobiernos populares que buscan darle dignidad a sus pueblos., subray\u00f3 el diputado.<\/p>\n\n\n\n<p>Por \u00faltimo, el legislador remarc\u00f3 que hoy a lo largo y a lo ancho del pa\u00eds miles de argentinos y argentinas \u201cvamos a demostrar en las calles, de manera pac\u00edfica, que apoyamos a la vicepresidenta y que, como tambi\u00e9n ella misma se\u00f1al\u00f3, no queremos indulto ni amnist\u00eda sino justicia\u201d.<\/p>\n","protected":false},"excerpt":{"rendered":"<p>El diputado nacional Lisandro Bormioli se refiri\u00f3 a la situaci\u00f3n que est\u00e1 atravesando Cristina Fern\u00e1ndez de Kirchner y dijo que \u201clo que est\u00e1n haciendo con la vicepresidenta es una evidente persecuci\u00f3n pol\u00edtica y un caso m\u00e1s de lawfare, a los que lamentablemente estamos acostumbrados en Latinoam\u00e9rica\u201d. \u201cCiertos sectores de la oposici\u00f3n, junto a sectores medi\u00e1ticos [&hellip;]<\/p>\n","protected":false},"author":1,"featured_media":4718,"comment_status":"open","ping_status":"open","sticky":false,"template":"","format":"standard","meta":{"_monsterinsights_skip_tracking":false,"_monsterinsights_sitenote_active":false,"_monsterinsights_sitenote_note":"","_monsterinsights_sitenote_category":0,"footnotes":""},"categories":[6],"tags":[158],"class_list":["post-4717","post","type-post","status-publish","format-standard","has-post-thumbnail","hentry","category-politica","tag-158"],"_links":{"self":[{"href":"https:\/\/news.digitaltv.com.ar\/index.php?rest_route=\/wp\/v2\/posts\/4717","targetHints":{"allow":["GET"]}}],"collection":[{"href":"https:\/\/news.digitaltv.com.ar\/index.php?rest_route=\/wp\/v2\/posts"}],"about":[{"href":"https:\/\/news.digitaltv.com.ar\/index.php?rest_route=\/wp\/v2\/types\/post"}],"author":[{"embeddable":true,"href":"https:\/\/news.digitaltv.com.ar\/index.php?rest_route=\/wp\/v2\/users\/1"}],"replies":[{"embeddable":true,"href":"https:\/\/news.digitaltv.com.ar\/index.php?rest_route=%2Fwp%2Fv2%2Fcomments&post=4717"}],"version-history":[{"count":1,"href":"https:\/\/news.digitaltv.com.ar\/index.php?rest_route=\/wp\/v2\/posts\/4717\/revisions"}],"predecessor-version":[{"id":4719,"href":"https:\/\/news.digitaltv.com.ar\/index.php?rest_route=\/wp\/v2\/posts\/4717\/revisions\/4719"}],"wp:featuredmedia":[{"embeddable":true,"href":"https:\/\/news.digitaltv.com.ar\/index.php?rest_route=\/wp\/v2\/media\/4718"}],"wp:attachment":[{"href":"https:\/\/news.digitaltv.com.ar\/index.php?rest_route=%2Fwp%2Fv2%2Fmedia&parent=4717"}],"wp:term":[{"taxonomy":"category","embeddable":true,"href":"https:\/\/news.digitaltv.com.ar\/index.php?rest_route=%2Fwp%2Fv2%2Fcategories&post=4717"},{"taxonomy":"post_tag","embeddable":true,"href":"https:\/\/news.digitaltv.com.ar\/index.php?rest_route=%2Fwp%2Fv2%2Ftags&post=4717"}],"curies":[{"name":"wp","href":"https:\/\/api.w.org\/{rel}","templated":true}]}}