{"id":4738,"date":"2022-08-29T09:08:24","date_gmt":"2022-08-29T12:08:24","guid":{"rendered":"https:\/\/news.digitaltv.com.ar\/?p=4738"},"modified":"2022-08-29T09:15:36","modified_gmt":"2022-08-29T12:15:36","slug":"crean-en-territorio-bonaerense-un-programa-sobre-muralismo-y-arte-publico","status":"publish","type":"post","link":"https:\/\/news.digitaltv.com.ar\/?p=4738","title":{"rendered":"CREAN EN TERRITORIO BONAERENSE UN PROGRAMA SOBRE MURALISMO Y ARTE P\u00daBLICO"},"content":{"rendered":"\n<p>El Gobierno bonaerense aprob\u00f3 y autoriz\u00f3 la ejecuci\u00f3n del programa temporal \u201cMuralismo y Arte P\u00fablico\u201d, que se desarrollar\u00e1 hasta fin de a\u00f1o en el \u00e1mbito de la provincia de Buenos Aires con el objetivo de incentivar las expresiones e identidades comunitarias, se inform\u00f3 hoy oficialmente.<\/p>\n\n\n\n<p>A trav\u00e9s de la Resoluci\u00f3n 1232, publicada hoy en el Bolet\u00edn Oficial bonaerense, se indic\u00f3 que la propuesta busca &#8220;recuperar, visibilizar y poner en imagen situada, las expresiones art\u00edsticas que hacen a la diversidad y la identidad bonaerense&#8221;.<\/p>\n\n\n\n<p>&#8220;Resulta imperioso generar propuestas y fomentar actividades art\u00edsticas participativas que evidencien los relatos visuales locales de cada comunidad&#8221;, se agreg\u00f3 en ese sentido.<\/p>\n\n\n\n<p>Adem\u00e1s, en los fundamentos de la resoluci\u00f3n, se plante\u00f3 que el programa &#8220;pretende estimular las capacidades art\u00edsticas de cada comunidad ofreciendo acompa\u00f1amiento para construir discursos visuales -desde la disciplina del muralismo y el arte p\u00fablico- que expresen un relato o historia de fuerte raigambre local y valor identitario&#8221;.<\/p>\n\n\n\n<p>As\u00ed, se pretende &#8220;crear una bater\u00eda de herramientas que fomenten la producci\u00f3n art\u00edstica local, encuadrada dentro de la disciplina del muralismo y arte p\u00fablico, en diversos puntos de la provincia&#8221;.<\/p>\n\n\n\n<p>Luego, se subray\u00f3 que, &#8220;en pos de dise\u00f1ar un esquema de trabajo organizado que pueda abarcar de manera amplia e inclusiva a las localidades de la provincia de Buenos Aires, se propone tomar como divisi\u00f3n territorial primaria a los partidos agrupados por secci\u00f3n electoral&#8221;, que son ocho.<\/p>\n\n\n\n<p>La intenci\u00f3n, se destac\u00f3, es &#8220;realizar una pieza de arte p\u00fablico en cada secci\u00f3n, eligiendo deliberadamente una localidad para abordar el proceso de trabajo art\u00edstico&#8221;.<\/p>\n","protected":false},"excerpt":{"rendered":"<p>El Gobierno bonaerense aprob\u00f3 y autoriz\u00f3 la ejecuci\u00f3n del programa temporal \u201cMuralismo y Arte P\u00fablico\u201d, que se desarrollar\u00e1 hasta fin de a\u00f1o en el \u00e1mbito de la provincia de Buenos Aires con el objetivo de incentivar las expresiones e identidades comunitarias, se inform\u00f3 hoy oficialmente. A trav\u00e9s de la Resoluci\u00f3n 1232, publicada hoy en el [&hellip;]<\/p>\n","protected":false},"author":1,"featured_media":4739,"comment_status":"open","ping_status":"open","sticky":false,"template":"","format":"standard","meta":{"_monsterinsights_skip_tracking":false,"_monsterinsights_sitenote_active":false,"_monsterinsights_sitenote_note":"","_monsterinsights_sitenote_category":0,"footnotes":""},"categories":[155],"tags":[171],"class_list":["post-4738","post","type-post","status-publish","format-standard","has-post-thumbnail","hentry","category-cultura","tag-171"],"_links":{"self":[{"href":"https:\/\/news.digitaltv.com.ar\/index.php?rest_route=\/wp\/v2\/posts\/4738","targetHints":{"allow":["GET"]}}],"collection":[{"href":"https:\/\/news.digitaltv.com.ar\/index.php?rest_route=\/wp\/v2\/posts"}],"about":[{"href":"https:\/\/news.digitaltv.com.ar\/index.php?rest_route=\/wp\/v2\/types\/post"}],"author":[{"embeddable":true,"href":"https:\/\/news.digitaltv.com.ar\/index.php?rest_route=\/wp\/v2\/users\/1"}],"replies":[{"embeddable":true,"href":"https:\/\/news.digitaltv.com.ar\/index.php?rest_route=%2Fwp%2Fv2%2Fcomments&post=4738"}],"version-history":[{"count":1,"href":"https:\/\/news.digitaltv.com.ar\/index.php?rest_route=\/wp\/v2\/posts\/4738\/revisions"}],"predecessor-version":[{"id":4740,"href":"https:\/\/news.digitaltv.com.ar\/index.php?rest_route=\/wp\/v2\/posts\/4738\/revisions\/4740"}],"wp:featuredmedia":[{"embeddable":true,"href":"https:\/\/news.digitaltv.com.ar\/index.php?rest_route=\/wp\/v2\/media\/4739"}],"wp:attachment":[{"href":"https:\/\/news.digitaltv.com.ar\/index.php?rest_route=%2Fwp%2Fv2%2Fmedia&parent=4738"}],"wp:term":[{"taxonomy":"category","embeddable":true,"href":"https:\/\/news.digitaltv.com.ar\/index.php?rest_route=%2Fwp%2Fv2%2Fcategories&post=4738"},{"taxonomy":"post_tag","embeddable":true,"href":"https:\/\/news.digitaltv.com.ar\/index.php?rest_route=%2Fwp%2Fv2%2Ftags&post=4738"}],"curies":[{"name":"wp","href":"https:\/\/api.w.org\/{rel}","templated":true}]}}