{"id":4759,"date":"2022-08-30T09:16:28","date_gmt":"2022-08-30T12:16:28","guid":{"rendered":"https:\/\/news.digitaltv.com.ar\/?p=4759"},"modified":"2022-08-30T10:45:21","modified_gmt":"2022-08-30T13:45:21","slug":"kreplak-insto-a-las-madres-y-padres-a-vacunar-a-sus-hijos-bebes-contra-el-coronavirus","status":"publish","type":"post","link":"https:\/\/news.digitaltv.com.ar\/?p=4759","title":{"rendered":"KREPLAK INST\u00d3 A LAS MADRES Y PADRES A VACUNAR A SUS HIJOS BEB\u00c9S CONTRA EL CORONAVIRUS"},"content":{"rendered":"\n<p>El ministro de Salud bonaerense, Nicol\u00e1s Kreplak, inst\u00f3 a las madres, padres y cuidadores de los beb\u00e9s de entre 6 meses y dos a\u00f1os a aplicar la vacuna contra el coronavirus porque &#8220;est\u00e1 demostrado que reduce mortalidad e internaciones por neumon\u00eda&#8221;.<\/p>\n\n\n\n<p>&#8220;Est\u00e1 demostrada la seguridad de la vacuna Moderna, que es la que se est\u00e1 aplicando en una dosis menor que a los m\u00e1s grandes&#8221;, recalc\u00f3 el funcionario en declaraciones formuladas a FM La Patriada.<\/p>\n\n\n\n<p>Aclar\u00f3 que los efectos secundarios no son m\u00e1s &#8220;que una molestia en el bracito o unas l\u00edneas de fiebre, como con cualquier vacuna&#8221;.<\/p>\n\n\n\n<p>La vacunaci\u00f3n contra el coronavirus para ni\u00f1os y ni\u00f1as de 6 meses a 2 a\u00f1os, 11 meses y 29 d\u00edas, comenz\u00f3 ayer a ser libre y federal en la provincia de Buenos Aires, por lo que se puede concurrir sin turno ni inscripci\u00f3n previa a cualquier vacunatorio pedi\u00e1trico del distrito.<\/p>\n\n\n\n<p>Kreplak aclar\u00f3 que la vacuna del coronavirus se aplica &#8220;en los vacunatorios generales&#8221; ya que se trata de un grupo etario que debe recibir muchas vacunas, por lo que &#8220;al mismo tiempo que dan la del Covid, dan el resto de las del calendario&#8221;.<\/p>\n\n\n\n<p>&#8220;Hay que aprovechar y darse la vacuna&#8221;, insisti\u00f3 el profesional y subray\u00f3 que hace cuatro semanas que se registra un descenso de los contagios en el marco de la quinta ola de Covid.<\/p>\n\n\n\n<p>En ese marco, puso de relieve que &#8220;gracias a la vacunaci\u00f3n, en la cuarta y quinta ola no se produjeron impactos en las internaciones&#8221;.<\/p>\n\n\n\n<p>Los vacunatorios habilitados pueden consultarse en https:\/\/portal-coronavirus.gba.gob.ar\/vacunatorios-de-la-campana-covid-19.<\/p>\n\n\n\n<p>La Argentina es uno de los primeros pa\u00edses del mundo en incorporar a esta franja etaria a la estrategia de vacunaci\u00f3n contra la Covid-19 y las autoridades sanitarias afirman que el n\u00famero de casos est\u00e1 aumentando a expensas de esta poblaci\u00f3n susceptible, que a\u00fan no se inmuniz\u00f3.<\/p>\n\n\n\n<p>&#8220;A partir de los 3 a\u00f1os, son tres dosis, y desde los 18 a\u00f1os son cuatro dosis&#8221;, record\u00f3 Kreplak.<\/p>\n","protected":false},"excerpt":{"rendered":"<p>El ministro de Salud bonaerense, Nicol\u00e1s Kreplak, inst\u00f3 a las madres, padres y cuidadores de los beb\u00e9s de entre 6 meses y dos a\u00f1os a aplicar la vacuna contra el coronavirus porque &#8220;est\u00e1 demostrado que reduce mortalidad e internaciones por neumon\u00eda&#8221;. &#8220;Est\u00e1 demostrada la seguridad de la vacuna Moderna, que es la que se est\u00e1 [&hellip;]<\/p>\n","protected":false},"author":1,"featured_media":4721,"comment_status":"open","ping_status":"open","sticky":false,"template":"","format":"standard","meta":{"_monsterinsights_skip_tracking":false,"_monsterinsights_sitenote_active":false,"_monsterinsights_sitenote_note":"","_monsterinsights_sitenote_category":0,"footnotes":""},"categories":[151],"tags":[160],"class_list":["post-4759","post","type-post","status-publish","format-standard","has-post-thumbnail","hentry","category-salud","tag-160"],"_links":{"self":[{"href":"https:\/\/news.digitaltv.com.ar\/index.php?rest_route=\/wp\/v2\/posts\/4759","targetHints":{"allow":["GET"]}}],"collection":[{"href":"https:\/\/news.digitaltv.com.ar\/index.php?rest_route=\/wp\/v2\/posts"}],"about":[{"href":"https:\/\/news.digitaltv.com.ar\/index.php?rest_route=\/wp\/v2\/types\/post"}],"author":[{"embeddable":true,"href":"https:\/\/news.digitaltv.com.ar\/index.php?rest_route=\/wp\/v2\/users\/1"}],"replies":[{"embeddable":true,"href":"https:\/\/news.digitaltv.com.ar\/index.php?rest_route=%2Fwp%2Fv2%2Fcomments&post=4759"}],"version-history":[{"count":1,"href":"https:\/\/news.digitaltv.com.ar\/index.php?rest_route=\/wp\/v2\/posts\/4759\/revisions"}],"predecessor-version":[{"id":4760,"href":"https:\/\/news.digitaltv.com.ar\/index.php?rest_route=\/wp\/v2\/posts\/4759\/revisions\/4760"}],"wp:featuredmedia":[{"embeddable":true,"href":"https:\/\/news.digitaltv.com.ar\/index.php?rest_route=\/wp\/v2\/media\/4721"}],"wp:attachment":[{"href":"https:\/\/news.digitaltv.com.ar\/index.php?rest_route=%2Fwp%2Fv2%2Fmedia&parent=4759"}],"wp:term":[{"taxonomy":"category","embeddable":true,"href":"https:\/\/news.digitaltv.com.ar\/index.php?rest_route=%2Fwp%2Fv2%2Fcategories&post=4759"},{"taxonomy":"post_tag","embeddable":true,"href":"https:\/\/news.digitaltv.com.ar\/index.php?rest_route=%2Fwp%2Fv2%2Ftags&post=4759"}],"curies":[{"name":"wp","href":"https:\/\/api.w.org\/{rel}","templated":true}]}}