{"id":4830,"date":"2022-09-02T09:17:34","date_gmt":"2022-09-02T12:17:34","guid":{"rendered":"https:\/\/news.digitaltv.com.ar\/?p=4830"},"modified":"2022-09-02T09:22:28","modified_gmt":"2022-09-02T12:22:28","slug":"de-violencia-y-confusion","status":"publish","type":"post","link":"https:\/\/news.digitaltv.com.ar\/?p=4830","title":{"rendered":"DE VIOLENCIA Y CONFUSI\u00d3N"},"content":{"rendered":"\n<p>POR JULIO MONTERO<\/p>\n\n\n\n<p>El constante discurso de odio cala hondo en la sociedad, por m\u00e1s que algunos lo que quieran negar a gritos. En esta oportunidad le toc\u00f3 a la Vicepresidenta de la Naci\u00f3n, Cristina Fern\u00e1ndez de Kirchner, en el<br>ojo de la tormenta y en la primera plana de la escena nacional por estos d\u00edas, aunque estoy convencido de que en cualquier otro momento podr\u00eda ser a cualquier otro pol\u00edtico puesto en la ocasional palestra.<br>Si la pol\u00edtica y los medios no bajan mil cambios a partir de ahora esto tiende a empeorar y as\u00ed nos alejamos de la pol\u00edtica para adentrarnos a un estado de violencia y todos sabemos que cuando domina la violencia la raz\u00f3n no tiene lugar.<br>Hay responsables claros, los pol\u00edticos desaforados y los medios de comunicaci\u00f3n irresponsables, negligentes y con m\u00e1s intereses en accionar en la pol\u00edtica que en la acci\u00f3n de comunicar son los m\u00e1s claros.<br>Ojal\u00e1 se aprenda algo de todo esto aunque en realidad sepamos que cada uno llevar\u00e1 agua para su molino y al final todo seguir\u00e1 igual, (no, peor).<\/p>\n","protected":false},"excerpt":{"rendered":"<p>POR JULIO MONTERO El constante discurso de odio cala hondo en la sociedad, por m\u00e1s que algunos lo que quieran negar a gritos. En esta oportunidad le toc\u00f3 a la Vicepresidenta de la Naci\u00f3n, Cristina Fern\u00e1ndez de Kirchner, en elojo de la tormenta y en la primera plana de la escena nacional por estos d\u00edas, [&hellip;]<\/p>\n","protected":false},"author":1,"featured_media":4837,"comment_status":"open","ping_status":"open","sticky":false,"template":"","format":"standard","meta":{"_monsterinsights_skip_tracking":false,"_monsterinsights_sitenote_active":false,"_monsterinsights_sitenote_note":"","_monsterinsights_sitenote_category":0,"footnotes":""},"categories":[6],"tags":[158],"class_list":["post-4830","post","type-post","status-publish","format-standard","has-post-thumbnail","hentry","category-politica","tag-158"],"_links":{"self":[{"href":"https:\/\/news.digitaltv.com.ar\/index.php?rest_route=\/wp\/v2\/posts\/4830","targetHints":{"allow":["GET"]}}],"collection":[{"href":"https:\/\/news.digitaltv.com.ar\/index.php?rest_route=\/wp\/v2\/posts"}],"about":[{"href":"https:\/\/news.digitaltv.com.ar\/index.php?rest_route=\/wp\/v2\/types\/post"}],"author":[{"embeddable":true,"href":"https:\/\/news.digitaltv.com.ar\/index.php?rest_route=\/wp\/v2\/users\/1"}],"replies":[{"embeddable":true,"href":"https:\/\/news.digitaltv.com.ar\/index.php?rest_route=%2Fwp%2Fv2%2Fcomments&post=4830"}],"version-history":[{"count":2,"href":"https:\/\/news.digitaltv.com.ar\/index.php?rest_route=\/wp\/v2\/posts\/4830\/revisions"}],"predecessor-version":[{"id":4834,"href":"https:\/\/news.digitaltv.com.ar\/index.php?rest_route=\/wp\/v2\/posts\/4830\/revisions\/4834"}],"wp:featuredmedia":[{"embeddable":true,"href":"https:\/\/news.digitaltv.com.ar\/index.php?rest_route=\/wp\/v2\/media\/4837"}],"wp:attachment":[{"href":"https:\/\/news.digitaltv.com.ar\/index.php?rest_route=%2Fwp%2Fv2%2Fmedia&parent=4830"}],"wp:term":[{"taxonomy":"category","embeddable":true,"href":"https:\/\/news.digitaltv.com.ar\/index.php?rest_route=%2Fwp%2Fv2%2Fcategories&post=4830"},{"taxonomy":"post_tag","embeddable":true,"href":"https:\/\/news.digitaltv.com.ar\/index.php?rest_route=%2Fwp%2Fv2%2Ftags&post=4830"}],"curies":[{"name":"wp","href":"https:\/\/api.w.org\/{rel}","templated":true}]}}