{"id":4882,"date":"2022-09-04T11:14:18","date_gmt":"2022-09-04T14:14:18","guid":{"rendered":"https:\/\/news.digitaltv.com.ar\/?p=4882"},"modified":"2022-09-05T13:11:33","modified_gmt":"2022-09-05T16:11:33","slug":"la-bacteria-legionlla-causo-el-brote-de-neumonia-en-tucumanconfirmo-le-ministra-vizzotti","status":"publish","type":"post","link":"https:\/\/news.digitaltv.com.ar\/?p=4882","title":{"rendered":"LA BACTERIA LEGIONLLA CAUS\u00d3 EL BROTE DE NEUMON\u00cdA EN TUCUM\u00c1N,CONFIRM\u00d3 LE MINISTRA VIZZOTTI"},"content":{"rendered":"\n<p>El brote de neumon\u00eda bilateral que caus\u00f3 la muerte a cuatro personas en la provincia de Tucum\u00e1n fue causado por una bacteria llamada legionella, confirm\u00f3 hoy la ministra de Salud de la Naci\u00f3n, Carla Vizzotti.<\/p>\n\n\n\n<p>&#8220;En cuatro muestras, tres respiratorias y una punci\u00f3n biopsia de uno de los fallecidos, se est\u00e1 aislando en la PCR una bacteria que se llama legionella y se est\u00e1 tipificando su apellido&#8221;, dijo Vizzotti, quien a\u00f1adi\u00f3 que se espera que esos resultados est\u00e9n disponibles hoy.<\/p>\n\n\n\n<p>Vizzotti ofreci\u00f3 una conferencia de prensa en el Ministerio de Salud de Tucum\u00e1n, donde estuvo acompa\u00f1ada por la representante en Argentina de la Organizaci\u00f3n Panamericana de la Salud (OPS), Eva Jan\u00e9 Llopis.<\/p>\n\n\n\n<p>&#8220;La sospecha es que sea un brote de legionella pneumophila&#8221;, indic\u00f3, y aclar\u00f3 que &#8220;resta avanzar en lo que ser\u00eda el diagn\u00f3stico final&#8221;.<\/p>\n\n\n\n<p>Vizzotti lleg\u00f3 este mediod\u00eda a San Miguel de Tucum\u00e1n acompa\u00f1ada Jan\u00e9 Llopis, para informar junto al ministro de Salud de la provincia, Luis Medina Ru\u00edz, acerca de los resultados de los estudios realizados a las muestras enviadas por la Administraci\u00f3n Nacional de Laboratorios e Institutos de Salud (Anlis) Dr. Carlos Malbr\u00e1n.<\/p>\n\n\n\n<p>La titular de la cartera de Salud nacional explic\u00f3 que &#8220;es una bacteria que se transmite por v\u00eda inhalatoria a trav\u00e9s del agua o aire acondicionado&#8221;.<\/p>\n\n\n\n<p>&#8220;La misma tiene un tratamiento antibi\u00f3tico y una resistencia importante en personas de riesgo, mayores de 50 a\u00f1os, tabaquistas, diab\u00e9ticos y personas con inmunocompromiso o enfermedades respiratorias&#8221;.<\/p>\n\n\n\n<p>Hasta el momento se identificaron once personas afectadas por neumon\u00eda bilateral causada por legionela, en la cl\u00ednica privada Luz M\u00e9dica, de las cuales cuatro fallecieron.<\/p>\n\n\n\n<p>&#8220;Lo que se identific\u00f3 en cuatro pacientes era esta legionella y lo que se hizo desde el punto de vista sanitario, epidemiol\u00f3gico y evaluaci\u00f3n cl\u00ednica, fue definir que el brote era causado por esta bacteria&#8221;, se\u00f1al\u00f3 Vizzotti.<\/p>\n\n\n\n<p>&#8220;A partir de ahora se est\u00e1 derivando a los pacientes y generando las acciones en el sanatorio para identificar si est\u00e1 en el agua, por el agente de transmisi\u00f3n, y determinar cu\u00e1les son las acciones sanitarias para mejorar esa situaci\u00f3n y que se pueda volver a utilizar el centro de salud para internaci\u00f3n de personas sin ning\u00fan riesgo&#8221;.<\/p>\n\n\n\n<p>La ministra destac\u00f3 que &#8220;en una semana se identific\u00f3 la situaci\u00f3n en forma oportuna, a partir de un trabajo conjunto entre Naci\u00f3n y provincia, transmitiendo la informaci\u00f3n de manera transparente&#8221;.<\/p>\n\n\n\n<p>Vizzotti aclar\u00f3 que se acordaron con las autoridades locales las medidas sanitarias a seguir, la cuales incluyen el traslado de los pacientes afectados.<\/p>\n\n\n\n<p>En este sentido afirm\u00f3: &#8220;Las autoridades sanitarias locales realizaron, desde el inicio del brote, aislamiento epidemiol\u00f3gico del centro de salud y hoy la recomendaci\u00f3n que consensuamos con el equipo de la provincia es, teniendo el diagn\u00f3stico y sabiendo que es seguro, trasladar a esos pacientes a otra instituci\u00f3n, ya que esto no representa un riesgo para otros y se puede seguir su evoluci\u00f3n. Se continuar\u00e1 con el estudio exhaustivo del centro de salud de modo de poder generar acciones en el edificio para que sea totalmente seguro volver a trabajar all\u00ed&#8221;.<\/p>\n\n\n\n<p>En atenci\u00f3n a lo expuesto, la ministra manifest\u00f3 que es importante que la poblaci\u00f3n que sea personal de salud del centro m\u00e9dico aludido o haya sido paciente o visita en el mismo durante la \u00faltima quincena del mes de agosto consulte ante la aparici\u00f3n de s\u00edntomas (fiebre con o sin s\u00edntomas respiratorios).<\/p>\n\n\n\n<p>&#8220;Hay que consultar y referir ese antecedente. Se van a generar acciones de an\u00e1lisis y evaluaci\u00f3n concretas. De tener indicaci\u00f3n, se dispone de tratamiento antibi\u00f3tico para tratar precozmente esta infecci\u00f3n ahora que est\u00e1 identificada&#8221;, enfatiz\u00f3.<\/p>\n\n\n\n<p>Por su parte, Medina Ruiz inform\u00f3 que hasta el momento son once los pacientes que se registraron con esta enfermedad, &#8220;de los cuales cuatro fallecieron; cuatro permanecen internados, tres de ellos con asistencia respiratoria mec\u00e1nica y tres que est\u00e1n en seguimiento domiciliario, ya que su cuadro cl\u00ednico es menos complejo&#8221;.<\/p>\n\n\n\n<p>Esta ma\u00f1ana el Ministerio de Salud de Tucum\u00e1n confirm\u00f3 la muerte del cuarto paciente.<\/p>\n\n\n\n<p>&#8220;Se trata de un paciente del sexo masculino de 48 a\u00f1os, con comorbilidades, que se encontraba internado en grave estado en el sector p\u00fablico&#8221;, dijo el informe de la cartera sanitaria.<\/p>\n\n\n\n<p>&#8220;En el foco com\u00fan, que es el sanatorio, no hay ning\u00fan paciente que se haya contagiado por contacto estrecho, ni tampoco en otros focos&#8221;, aclar\u00f3 el ministro de Salud provincial.<\/p>\n\n\n\n<p>El m\u00e9dico record\u00f3 que el s\u00e1bado pasado &#8220;tomaron conocimiento de dos pacientes con neumon\u00eda bilateral que no estaban con etiolog\u00eda conocida de los 30 estudios que se pueden desarrollar en Tucum\u00e1n y que ven\u00edan del mismo lugar de trabajo&#8221;, lo que les llam\u00f3 &#8220;la atenci\u00f3n y comenzamos a trabajar en la b\u00fasqueda activa de pacientes que re\u00fanan las mismas condiciones y encontramos seis&#8221;.<\/p>\n\n\n\n<p>&#8220;As\u00ed fue como el lunes cotejamos que no eran ni Covid-19 ni gripe, influenza A y B, hantavirus&#8221;, por lo que &#8220;el marte tomamos la decisi\u00f3n de dar a conocer esta situaci\u00f3n epid\u00e9mica nueva y generamos un plan de contingencia junto con Naci\u00f3n para evaluar la etiolog\u00eda&#8221;, sostuvo.<\/p>\n\n\n\n<p>En esa l\u00ednea, &#8220;desarrollamos una estrategia de control de pacientes, decidimos el aislamiento sanitario del sanatorio privado y enviamos muestras al Instituto Malbr\u00e1n&#8221;, cuyos resultados fueron los comunicados hoy por la doctora Vizzotti.<\/p>\n","protected":false},"excerpt":{"rendered":"<p>El brote de neumon\u00eda bilateral que caus\u00f3 la muerte a cuatro personas en la provincia de Tucum\u00e1n fue causado por una bacteria llamada legionella, confirm\u00f3 hoy la ministra de Salud de la Naci\u00f3n, Carla Vizzotti. &#8220;En cuatro muestras, tres respiratorias y una punci\u00f3n biopsia de uno de los fallecidos, se est\u00e1 aislando en la PCR [&hellip;]<\/p>\n","protected":false},"author":1,"featured_media":4883,"comment_status":"open","ping_status":"open","sticky":false,"template":"","format":"standard","meta":{"_monsterinsights_skip_tracking":false,"_monsterinsights_sitenote_active":false,"_monsterinsights_sitenote_note":"","_monsterinsights_sitenote_category":0,"footnotes":""},"categories":[151],"tags":[160],"class_list":["post-4882","post","type-post","status-publish","format-standard","has-post-thumbnail","hentry","category-salud","tag-160"],"_links":{"self":[{"href":"https:\/\/news.digitaltv.com.ar\/index.php?rest_route=\/wp\/v2\/posts\/4882","targetHints":{"allow":["GET"]}}],"collection":[{"href":"https:\/\/news.digitaltv.com.ar\/index.php?rest_route=\/wp\/v2\/posts"}],"about":[{"href":"https:\/\/news.digitaltv.com.ar\/index.php?rest_route=\/wp\/v2\/types\/post"}],"author":[{"embeddable":true,"href":"https:\/\/news.digitaltv.com.ar\/index.php?rest_route=\/wp\/v2\/users\/1"}],"replies":[{"embeddable":true,"href":"https:\/\/news.digitaltv.com.ar\/index.php?rest_route=%2Fwp%2Fv2%2Fcomments&post=4882"}],"version-history":[{"count":1,"href":"https:\/\/news.digitaltv.com.ar\/index.php?rest_route=\/wp\/v2\/posts\/4882\/revisions"}],"predecessor-version":[{"id":4884,"href":"https:\/\/news.digitaltv.com.ar\/index.php?rest_route=\/wp\/v2\/posts\/4882\/revisions\/4884"}],"wp:featuredmedia":[{"embeddable":true,"href":"https:\/\/news.digitaltv.com.ar\/index.php?rest_route=\/wp\/v2\/media\/4883"}],"wp:attachment":[{"href":"https:\/\/news.digitaltv.com.ar\/index.php?rest_route=%2Fwp%2Fv2%2Fmedia&parent=4882"}],"wp:term":[{"taxonomy":"category","embeddable":true,"href":"https:\/\/news.digitaltv.com.ar\/index.php?rest_route=%2Fwp%2Fv2%2Fcategories&post=4882"},{"taxonomy":"post_tag","embeddable":true,"href":"https:\/\/news.digitaltv.com.ar\/index.php?rest_route=%2Fwp%2Fv2%2Ftags&post=4882"}],"curies":[{"name":"wp","href":"https:\/\/api.w.org\/{rel}","templated":true}]}}