{"id":500,"date":"2022-03-05T23:15:21","date_gmt":"2022-03-06T02:15:21","guid":{"rendered":"https:\/\/wp.digitaltv.com.ar\/?p=500"},"modified":"2022-03-07T18:37:56","modified_gmt":"2022-03-07T21:37:56","slug":"el-carrusel-vendimial-volvio-tras-dos-anos-para-el-deleite-del-publico-local-y-de-turistas","status":"publish","type":"post","link":"https:\/\/news.digitaltv.com.ar\/?p=500","title":{"rendered":"El Carrusel vendimial volvi\u00f3 tras dos a\u00f1os para el deleite del p\u00fablico local y de turistas"},"content":{"rendered":"\n<p>El Carrusel de las aspirantes a reina de la Fiesta Nacional de la Vendimia volvi\u00f3 a las calles tras dos a\u00f1os a causa de la pandemia y desfil\u00f3 por la ciudad de Mendoza, junto a centros tradicionalistas, colectividades y organizaciones sociales, en el comienzo de un fin de semana en el cual la provincia cuenta un 95 por ciento de ocupaci\u00f3n.<\/p>\n\n\n\n<p>El desfile, presenciado desde los palcos oficiales por el gobernador Rodolfo Su\u00e1rez, abri\u00f3 las actividades principales de la Fiesta Nacional de la Vendimia que tendr\u00e1 esta noche su acto central con el espect\u00e1culo denominado \u201cMilagro del vino nuevo\u201d, a partir de las 22, en el anfiteatro Frank Romero Day.<\/p>\n\n\n\n<p>Luego de dos a\u00f1os, este tradicional evento que atrae a turistas de todo el mundo volvi\u00f3 este s\u00e1bado y llen\u00f3 de colores las calles c\u00e9ntricas de Mendoza. La anterior edici\u00f3n se realiz\u00f3 de manera virtual a causa del coronavirus.<\/p>\n\n\n\n<p>La agenda vendimial comenz\u00f3 anoche con la \u201cV\u00eda Blanca\u201d, con un recorrido corto de las carrozas por las principales calles c\u00e9ntricas mendocinas con sus respectivas aspirantes y que en su paso saludaron al p\u00fablico, que se acerc\u00f3 en gran n\u00famero con carteles y celulares en mano para retratar el espect\u00e1culo que extendi\u00f3 hasta entrada la medianoche.<\/p>\n\n\n\n<p>\u201cSi bien para toda provincia el nivel de ocupaci\u00f3n alcanza el 92 %, &#8211; sobre un total de 30.000 camas- en el Gran Mendoza el porcentaje asciende al 96 % para este fin de semana\u201d, dijo la ministra de Cultura y Turismo de la provincia, Nora Vicario, sobre la llegada de turistas para presenciar la vendimia.<\/p>\n\n\n\n<p>Sobre el alto porcentaje de turistas, la funcionaria se\u00f1al\u00f3 que \u201cse realiz\u00f3 un gran trabajo durante la pandemia, se tomaron importantes decisiones sobre la salud y la apertura de la econom\u00eda y el turismo con los protocolos correspondientes siendo uno de los primeros en el pa\u00eds; adem\u00e1s se certific\u00f3 a Mendoza como destino seguro\u201d.<\/p>\n\n\n\n<p>Finalmente, Vicario resalt\u00f3 que \u201cdurante la pandemia, cuando no se pod\u00eda salir del pa\u00eds, Mendoza figur\u00f3 entre las primeras cuatro provincias elegidas por los argentinos para salir y disfrutar de los r\u00edos, las monta\u00f1as y de las bodegas, entre otras actividades\u201d.<\/p>\n\n\n\n<p>Este s\u00e1bado, la agenda vendimial sigui\u00f3 con un desayuno en la Corporaci\u00f3n Vitivin\u00edcola Argentina (Coviar), que cont\u00f3 con la presencia del ministro de Agricultura, Ganader\u00eda y Pesca, Juli\u00e1n Dom\u00ednguez; el gobernador de Mendoza, Rodolfo Su\u00e1rez y Jos\u00e9 Zuccardi, presidente de la Coviar, entre otros funcionarios.<\/p>\n\n\n\n<p>En tanto, desde las 10, las candidatas desfilaron en carrozas desde las cuales se lanzaban racimos de uvas al p\u00fablico hasta el palco oficial, que cont\u00f3 con la presencia del gobernador Suarez y entre otras autoridades nacionales y provinciales.<\/p>\n\n\n\n<p>El recorrido de los carros vendimiales comenz\u00f3 en el port\u00f3n del Parque General San Mart\u00edn, y se extendi\u00f3 a lo largo de 20 cuadras, donde sum\u00f3 a representantes de distintos centros tradicionalistas, colectividades y organizaciones sociales y a reinas invitadas de diferentes localidades del pa\u00eds.<\/p>\n\n\n\n<p>Este tradicional recorrido del carrusel se origin\u00f3 en 1937, en la segunda edici\u00f3n de la Fiesta de Vendimia: ese a\u00f1o se incorporaron los carros simb\u00f3licos que desfilaban solo en el interior del Parque General San Martin y desde 1939 comenz\u00f3 a recorrer las calles de la ciudad.<\/p>\n\n\n\n<p>Durante el recorrido de hoy, bajo un cielo nublado y amenaza lluvias, con unos 23 grados, se destacaron los colores y la m\u00fasica de las colectividades radicadas en la provincia, como las de Bolivia, Colombia, Espa\u00f1a e Italia, entre otras, siendo esta la antesala del evento central a partir de las 22, en el anfiteatro Frank Romero Day.<\/p>\n\n\n\n<p>Est\u00e9 espect\u00e1culo est\u00e1 bajo la direcci\u00f3n general de Vilma R\u00fapolo y de Federico Ortega y en esta edici\u00f3n contar\u00e1 con 750 artistas en escena, entre m\u00fasicos, m\u00fasicas, bailarines, bailarinas, actores, actrices y figurantes que tendr\u00e1 el punto m\u00e1s alto con la elecci\u00f3n de la Reina Nacional de la Vendimia 2022.<\/p>\n","protected":false},"excerpt":{"rendered":"<p>El Carrusel de las aspirantes a reina de la Fiesta Nacional de la Vendimia volvi\u00f3 a las calles tras dos a\u00f1os a causa de la pandemia y desfil\u00f3 por la ciudad de Mendoza, junto a centros tradicionalistas, colectividades y organizaciones sociales, en el comienzo de un fin de semana en el cual la provincia cuenta [&hellip;]<\/p>\n","protected":false},"author":1,"featured_media":501,"comment_status":"open","ping_status":"open","sticky":false,"template":"","format":"standard","meta":{"_monsterinsights_skip_tracking":false,"_monsterinsights_sitenote_active":false,"_monsterinsights_sitenote_note":"","_monsterinsights_sitenote_category":0,"footnotes":""},"categories":[2],"tags":[158],"class_list":["post-500","post","type-post","status-publish","format-standard","has-post-thumbnail","hentry","category-espectaculos","tag-158"],"_links":{"self":[{"href":"https:\/\/news.digitaltv.com.ar\/index.php?rest_route=\/wp\/v2\/posts\/500","targetHints":{"allow":["GET"]}}],"collection":[{"href":"https:\/\/news.digitaltv.com.ar\/index.php?rest_route=\/wp\/v2\/posts"}],"about":[{"href":"https:\/\/news.digitaltv.com.ar\/index.php?rest_route=\/wp\/v2\/types\/post"}],"author":[{"embeddable":true,"href":"https:\/\/news.digitaltv.com.ar\/index.php?rest_route=\/wp\/v2\/users\/1"}],"replies":[{"embeddable":true,"href":"https:\/\/news.digitaltv.com.ar\/index.php?rest_route=%2Fwp%2Fv2%2Fcomments&post=500"}],"version-history":[{"count":1,"href":"https:\/\/news.digitaltv.com.ar\/index.php?rest_route=\/wp\/v2\/posts\/500\/revisions"}],"predecessor-version":[{"id":502,"href":"https:\/\/news.digitaltv.com.ar\/index.php?rest_route=\/wp\/v2\/posts\/500\/revisions\/502"}],"wp:featuredmedia":[{"embeddable":true,"href":"https:\/\/news.digitaltv.com.ar\/index.php?rest_route=\/wp\/v2\/media\/501"}],"wp:attachment":[{"href":"https:\/\/news.digitaltv.com.ar\/index.php?rest_route=%2Fwp%2Fv2%2Fmedia&parent=500"}],"wp:term":[{"taxonomy":"category","embeddable":true,"href":"https:\/\/news.digitaltv.com.ar\/index.php?rest_route=%2Fwp%2Fv2%2Fcategories&post=500"},{"taxonomy":"post_tag","embeddable":true,"href":"https:\/\/news.digitaltv.com.ar\/index.php?rest_route=%2Fwp%2Fv2%2Ftags&post=500"}],"curies":[{"name":"wp","href":"https:\/\/api.w.org\/{rel}","templated":true}]}}