{"id":503,"date":"2022-03-05T23:16:33","date_gmt":"2022-03-06T02:16:33","guid":{"rendered":"https:\/\/wp.digitaltv.com.ar\/?p=503"},"modified":"2022-03-07T18:37:53","modified_gmt":"2022-03-07T21:37:53","slug":"miles-de-personas-protestan-en-varias-ciudades-europeas-contra-la-invasion-a-ucrania","status":"publish","type":"post","link":"https:\/\/news.digitaltv.com.ar\/?p=503","title":{"rendered":"Miles de personas protestan en varias ciudades europeas contra la invasi\u00f3n a Ucrania"},"content":{"rendered":"\n<p>Miles de personas se manifestaron hoy en Londres, Par\u00eds, Roma y Z\u00farich para pedir el fin de la guerra en Ucrania.<\/p>\n\n\n\n<p>&#8220;Estaremos aqu\u00ed todos los fines de semana, en Par\u00eds o en cualquier otro lugar, hasta que Putin se vaya, retire sus tanques&#8221;, asegur\u00f3 Aline Le Bail-Kremer, miembro de Stand With Ukraine (De pie junto a Ucrania), una de las organizaciones impulsoras de la concentraci\u00f3n en la capital francesa, en declaraciones a la agencia de noticias AFP.<\/p>\n\n\n\n<p>Seg\u00fan una fuente policial francesa, se convocaron protestas en m\u00e1s de un centenar de ciudades de Francia y se espera que re\u00fanan a unas 25.000 personas.<\/p>\n\n\n\n<p>En Londres, en tanto, cientos de personas salieron a la calle para reclamar el fin de la invasi\u00f3n rusa en Ucrania y rezar por la paz.&nbsp;<\/p>\n\n\n\n<p>Los manifestantes se concentraron en la c\u00e9ntrica plaza de Trafalgar Square con banderas y pancartas en las que ped\u00edan un &#8220;embargo a Rusia&#8221; o apuntaban contra el presidente ruso, Vladimir Putin, con frases como &#8220;Putin mata&#8221;.<\/p>\n\n\n\n<p>Carteles similares se pod\u00edan observar en en el centro de Roma, la capital italiana, donde varios sindicatos y ONGs organizaron una &#8220;manifestaci\u00f3n por la paz&#8221;.&nbsp;<\/p>\n\n\n\n<p>&#8220;Esta es quiz\u00e1s una de las primeras manifestaciones reales por la paz. Aqu\u00ed nadie cree que la paz se hace con las armas, enviando armas a una de las partes&#8221;, dijo el dibujante, actor y escritor italiano Vauro Senesi, rodeado de miles de personas.<\/p>\n\n\n\n<p>En Z\u00farich, la ciudad m\u00e1s poblada de Suiza, cerca de 40.000 personas pidieron la retirada de las tropas rusas de Ucrania, seg\u00fan la agencia de prensa local ATS.<\/p>\n\n\n\n<p>La manifestaci\u00f3n, llena de banderas ucranianas, fue convocada por algunos sindicatos y partidos de izquierda.&nbsp;<\/p>\n\n\n\n<p>Los organizadores esperaban unas 20.000 personas, pero estiman que hubo m\u00e1s de 40.000, seg\u00fan ATS.<\/p>\n\n\n\n<p>Al igual que la semana pasada, se convocaron&nbsp;manifestaciones en varias ciudades del pa\u00eds.&nbsp;<\/p>\n\n\n\n<p>El pasado fin de semana, cientos de miles de personas vestidas de amarillo y azul marcharon por toda Europa: unos cuantos miles en Rusia, al menos 100.000 en Berl\u00edn, 70.000 en Praga y 40.000 en Madrid.&nbsp;<\/p>\n\n\n\n<p>Desde que empez\u00f3 la ofensiva rusa en Ucrania el 24 de febrero, se han multiplicado las manifestaciones contra la guerra en todo el mundo.<\/p>\n\n\n\n<p>Rusia dice que invadi\u00f3 a Ucrania, entre otras cosas, con el argumento de que lo hace para proteger a rusoparlantes que viven en ese pa\u00eds y se sienten amenazados por su Gobierno antirruso.<\/p>\n\n\n\n<p>Para Putin, uno de los objetivos fundamentales de la invasi\u00f3n es &#8220;la desmilitarizaci\u00f3n y la desnazificaci\u00f3n&#8221; de Ucrania.<\/p>\n\n\n\n<p>Numerosos pa\u00edses condenaron en t\u00e9rminos en\u00e9rgicos la intervenci\u00f3n de Rusia en Ucrania y activaron varias bater\u00edas de sanciones.<a href=\"javascript:void(0)\"><\/a><\/p>\n","protected":false},"excerpt":{"rendered":"<p>Miles de personas se manifestaron hoy en Londres, Par\u00eds, Roma y Z\u00farich para pedir el fin de la guerra en Ucrania. &#8220;Estaremos aqu\u00ed todos los fines de semana, en Par\u00eds o en cualquier otro lugar, hasta que Putin se vaya, retire sus tanques&#8221;, asegur\u00f3 Aline Le Bail-Kremer, miembro de Stand With Ukraine (De pie junto [&hellip;]<\/p>\n","protected":false},"author":1,"featured_media":504,"comment_status":"open","ping_status":"open","sticky":false,"template":"","format":"standard","meta":{"_monsterinsights_skip_tracking":false,"_monsterinsights_sitenote_active":false,"_monsterinsights_sitenote_note":"","_monsterinsights_sitenote_category":0,"footnotes":""},"categories":[150],"tags":[158],"class_list":["post-503","post","type-post","status-publish","format-standard","has-post-thumbnail","hentry","category-actualidad","tag-158"],"_links":{"self":[{"href":"https:\/\/news.digitaltv.com.ar\/index.php?rest_route=\/wp\/v2\/posts\/503","targetHints":{"allow":["GET"]}}],"collection":[{"href":"https:\/\/news.digitaltv.com.ar\/index.php?rest_route=\/wp\/v2\/posts"}],"about":[{"href":"https:\/\/news.digitaltv.com.ar\/index.php?rest_route=\/wp\/v2\/types\/post"}],"author":[{"embeddable":true,"href":"https:\/\/news.digitaltv.com.ar\/index.php?rest_route=\/wp\/v2\/users\/1"}],"replies":[{"embeddable":true,"href":"https:\/\/news.digitaltv.com.ar\/index.php?rest_route=%2Fwp%2Fv2%2Fcomments&post=503"}],"version-history":[{"count":1,"href":"https:\/\/news.digitaltv.com.ar\/index.php?rest_route=\/wp\/v2\/posts\/503\/revisions"}],"predecessor-version":[{"id":505,"href":"https:\/\/news.digitaltv.com.ar\/index.php?rest_route=\/wp\/v2\/posts\/503\/revisions\/505"}],"wp:featuredmedia":[{"embeddable":true,"href":"https:\/\/news.digitaltv.com.ar\/index.php?rest_route=\/wp\/v2\/media\/504"}],"wp:attachment":[{"href":"https:\/\/news.digitaltv.com.ar\/index.php?rest_route=%2Fwp%2Fv2%2Fmedia&parent=503"}],"wp:term":[{"taxonomy":"category","embeddable":true,"href":"https:\/\/news.digitaltv.com.ar\/index.php?rest_route=%2Fwp%2Fv2%2Fcategories&post=503"},{"taxonomy":"post_tag","embeddable":true,"href":"https:\/\/news.digitaltv.com.ar\/index.php?rest_route=%2Fwp%2Fv2%2Ftags&post=503"}],"curies":[{"name":"wp","href":"https:\/\/api.w.org\/{rel}","templated":true}]}}