{"id":5141,"date":"2022-09-19T08:59:44","date_gmt":"2022-09-19T11:59:44","guid":{"rendered":"https:\/\/news.digitaltv.com.ar\/?p=5141"},"modified":"2022-09-19T09:00:03","modified_gmt":"2022-09-19T12:00:03","slug":"tenemos-que-salir-primeros-esa-es-la-premisa","status":"publish","type":"post","link":"https:\/\/news.digitaltv.com.ar\/?p=5141","title":{"rendered":"&#8220;TENEMOS QUE SALIR PRIMEROS, ESA ES LA PREMISA&#8221;"},"content":{"rendered":"\n<p><em>El entrenador de Sarmiento de Chaco, rival de Douglas el pr\u00f3ximo lunes, pas\u00f3 por los micr\u00f3fonos de La Gloria o Devoto y dej\u00f3 en claro el objetivo de su equipo para lo que resta de la etapa regular. Para el rosarino, el Decano es una un club con una infraestructura m\u00ednimo de Primera Nacional, y por eso siente la necesidad imperiosa de pelear el ascenso. Tambi\u00e9n, el ex DT de Sportivo Las Parejas analiz\u00f3 al rojinegro, las virtudes de sus armas m\u00e1s importantes, y adem\u00e1s se refiri\u00f3 al orgullo que siente cada vez que su nombre suena en Rosario Central.<\/em><\/p>\n\n\n\n<p>Chaco vive un instante especial con los \u00e9xitos futbol\u00edsticos de sus equipos, tanto en la Primera Nacional como en el Federal A, con For Ever y Sarmiento: \u201cLa gente muy contenta, los dos equipos chaque\u00f1os est\u00e1n haciendo una gran campa\u00f1a y la provincia lo est\u00e1 disfrutando mucho\u201d, explic\u00f3 Leonardo Fern\u00e1ndez, DT del Decano, que opina que la instituci\u00f3n merece estar en otra categor\u00eda: \u201cS\u00ed, m\u00ednimo de Nacional B. El estadio es de Primera Divisi\u00f3n, muchos equipos de Primera no tienen ese estadio, es una pena que Sarmiento atraviese esta divisional\u201d. Y sobre su desaf\u00edo, se explay\u00f3: \u201cClaramente no hay ninguna presi\u00f3n, vine ac\u00e1 para pelear el campeonato, hacer un equipo protagonista y por suerte estamos haciendo una gran campa\u00f1a, gran porcentaje de puntos y falta el puntapi\u00e9 final, la frutilla del postre y espero que la gente de Sarmiento festeje a fin de a\u00f1o\u201d.<\/p>\n\n\n\n<p>Su conjunto es protagonista del campeonato, y el rosarino tiene sus fundamentos: \u201cPorque elegimos bien, elegimos bien el plantel, competitivo, que era la idea primaria, hay una competencia intenta buena y pudimos lograr eso. Trajimos jugadores con hambre de verdad que quieren ganar cosas, no quer\u00edamos jugadores conformistas, quer\u00edamos un equipo que pelee las primeras posiciones y hoy nos encuentra peleando el campeonato\u201d, manifest\u00f3, y se refiri\u00f3 a la ca\u00edda ante Sportivo Belgrano del \u00faltimo compromiso: \u201cCreo que la derrota fue consecuencia del desgaste que tuvimos con Racing, jugamos 35 minutos con un jugador menos, hicimos un esfuerzo grande de lo f\u00edsico y a los cuatro d\u00edas volver a jugar no pudimos descansar, el viaje fue largo, no es una excusa, pero lo sentimos de lo f\u00edsico. El objetivo local era medirse y saber d\u00f3nde est\u00e1bamos parados\u201d.<\/p>\n\n\n\n<p>Se viene el cotejo contra el \u201cMilan de Pergamino\u201d, y Fern\u00e1ndez lo palpita: \u201cNos vino bien jugar el lunes, tuvimos varios d\u00edas para preparar el partido. Douglas es un equipo muy particular, precisos en los primero 20 minutos y despu\u00e9s pierde eso, hay que aprovechar eso y nuestra cancha, que est\u00e1 en buenas condiciones y nuestros jugadores lo aprovechan muy bien\u201d, asegur\u00f3, y sobre el partido lo imagin\u00f3: \u201cNo m\u00e1s all\u00e1 lo que piense o lo que quiera hacer el rival. Tenemos que ver lo que nosotros hacemos, quiero que el rival se adapte a lo que quiero yo.&nbsp; Somos protagonistas y no voy a cambiar algo que me dio el objetivo durante todo el campeonato\u201d. Y en cuanto a objetivos, recalc\u00f3 la necesidad de quedarse con el 1 en la general: \u201cNos permite jugar los playoffs de local y para que vean que es un equipo competitivo, es un equipo que le gan\u00f3 a todos los equipos y los rivales lo saben, tenemos que salir primeros, esa es la premisa, ya estamos clasificados y tambi\u00e9n en Copa Argentina. Hemos logrado mucho con un plantel nuevo, despu\u00e9s a los entrenadores nos eval\u00faan por las \u00faltimas cuatro o cinco fechas del campeonato\u201d.<\/p>\n\n\n\n<p>En referencia a los de Gustavo Raggio, el ex DT de Sportivo Las Parejas analiz\u00f3: \u201cUn equipo que inicia los partidos, que juega por banda, Caballuci me encanta, muy profundo, de buenas terminaciones y tampoco va a estar Mazza. Es un rival de cuidado, en pasajes del partido de la pelota al rival y es cuando nosotros tenemos que hacer la diferencia, tienen jugadores de experiencia. Los marcadores pasan mucho y dejan un vac\u00edo a la espalda\u201d, indic\u00f3, y de la ausencia del capit\u00e1n, ampli\u00f3: \u201cInfluye porque es un jugador determinante, no le pesa jugar estos partidos. A m\u00ed me gustar\u00eda que juegue Pablo porque me gusta enfrentar a los mejores. Pero trataremos sacar ventaja de eso, le da fluidez al equipo\u201d.<\/p>\n\n\n\n<p>Consultado qu\u00e9 le genera que Rosario Central siempre lo tenga en cuenta, Leo confes\u00f3: \u201cFelicidad, la segunda vez estuvimos cerca, charlamos, pero tuve un compromiso fuerte con Sarmiento, que me dieron todo. Ellos saben que es Primera Divisi\u00f3n, saben que soy de Central y se vive un momento complejo, pero siempre agradezco a la dirigencia y a los hinchas, para m\u00ed es muy gratifica mente\u201d, tir\u00f3, y se despidi\u00f3 con una reflexi\u00f3n: \u201cLo m\u00edo no pasa por cosas econ\u00f3micas, pasa por lo profesional.Si yo sigo ac\u00e1 voy a exigir mucho m\u00e1s pero no desde lo econ\u00f3mico sino desde lo profesional, necesito una mejor cancha, m\u00e1s GPS y l\u00f3gicamente eso va a ser determinante para mi continuidad, soy exigente y mi manera de ser es as\u00ed, no voy a cambiar a esta altura\u201d.<\/p>\n","protected":false},"excerpt":{"rendered":"<p>El entrenador de Sarmiento de Chaco, rival de Douglas el pr\u00f3ximo lunes, pas\u00f3 por los micr\u00f3fonos de La Gloria o Devoto y dej\u00f3 en claro el objetivo de su equipo para lo que resta de la etapa regular. Para el rosarino, el Decano es una un club con una infraestructura m\u00ednimo de Primera Nacional, y [&hellip;]<\/p>\n","protected":false},"author":7,"featured_media":5142,"comment_status":"open","ping_status":"open","sticky":false,"template":"","format":"standard","meta":{"_monsterinsights_skip_tracking":false,"_monsterinsights_sitenote_active":false,"_monsterinsights_sitenote_note":"","_monsterinsights_sitenote_category":0,"footnotes":""},"categories":[7],"tags":[170],"class_list":["post-5141","post","type-post","status-publish","format-standard","has-post-thumbnail","hentry","category-deportes","tag-170"],"_links":{"self":[{"href":"https:\/\/news.digitaltv.com.ar\/index.php?rest_route=\/wp\/v2\/posts\/5141","targetHints":{"allow":["GET"]}}],"collection":[{"href":"https:\/\/news.digitaltv.com.ar\/index.php?rest_route=\/wp\/v2\/posts"}],"about":[{"href":"https:\/\/news.digitaltv.com.ar\/index.php?rest_route=\/wp\/v2\/types\/post"}],"author":[{"embeddable":true,"href":"https:\/\/news.digitaltv.com.ar\/index.php?rest_route=\/wp\/v2\/users\/7"}],"replies":[{"embeddable":true,"href":"https:\/\/news.digitaltv.com.ar\/index.php?rest_route=%2Fwp%2Fv2%2Fcomments&post=5141"}],"version-history":[{"count":1,"href":"https:\/\/news.digitaltv.com.ar\/index.php?rest_route=\/wp\/v2\/posts\/5141\/revisions"}],"predecessor-version":[{"id":5143,"href":"https:\/\/news.digitaltv.com.ar\/index.php?rest_route=\/wp\/v2\/posts\/5141\/revisions\/5143"}],"wp:featuredmedia":[{"embeddable":true,"href":"https:\/\/news.digitaltv.com.ar\/index.php?rest_route=\/wp\/v2\/media\/5142"}],"wp:attachment":[{"href":"https:\/\/news.digitaltv.com.ar\/index.php?rest_route=%2Fwp%2Fv2%2Fmedia&parent=5141"}],"wp:term":[{"taxonomy":"category","embeddable":true,"href":"https:\/\/news.digitaltv.com.ar\/index.php?rest_route=%2Fwp%2Fv2%2Fcategories&post=5141"},{"taxonomy":"post_tag","embeddable":true,"href":"https:\/\/news.digitaltv.com.ar\/index.php?rest_route=%2Fwp%2Fv2%2Ftags&post=5141"}],"curies":[{"name":"wp","href":"https:\/\/api.w.org\/{rel}","templated":true}]}}