{"id":5212,"date":"2022-09-22T09:17:13","date_gmt":"2022-09-22T12:17:13","guid":{"rendered":"https:\/\/news.digitaltv.com.ar\/?p=5212"},"modified":"2022-09-22T09:17:31","modified_gmt":"2022-09-22T12:17:31","slug":"no-cai-todavia","status":"publish","type":"post","link":"https:\/\/news.digitaltv.com.ar\/?p=5212","title":{"rendered":"&#8220;NO CA\u00cd TODAVIA&#8221;"},"content":{"rendered":"\n<p><em>Mauricio Andreoni es el DT del primer campe\u00f3n de la liga pergaminense en este 2022. El domingo, con su Gimnasia y Esgrima derrot\u00f3 a Tr\u00e1ficos 2 a 1 en la final de vuelta de Segunda Divisi\u00f3n, y lograron el ascenso a la A. En di\u00e1logo con La Gloria o Devoto, el \u201cFlaco\u201d expres\u00f3 sus sensaciones, record\u00f3 su llegada al club, y destac\u00f3 la comodidad para poder desempe\u00f1ar su laburo, junto con el cuerpo t\u00e9cnico. Tambi\u00e9n, el ex jugador de Sports analiz\u00f3 el encuentro contra el \u201cFerroviario\u201d, y repas\u00f3 la jugada del gol de Balich sobre el cierre que el dio el t\u00edtulo.<\/em><\/p>\n\n\n\n<p>El domingo pasado venci\u00f3 a Tr\u00e1ficos en cancha de Juventud, y obtuvo con su equipo, el ascenso a la A del f\u00fatbol pergaminense: \u201cS\u00ed, se disfruta mucho, no ca\u00ed todav\u00eda lo que logramos. Con el tiempo uno empieza a caer y cuando uno juegue en la A se va saber lo que se logr\u00f3. Para un club como Gimnasia es importante porque este proyecto se arm\u00f3 hace tres a\u00f1os y se labur\u00f3 a full, tanto cuerpo t\u00e9cnico, jugadores y dirigentes, estamos muy contentos\u201d, comenz\u00f3 la entrevista Mauricio Andreoni, el DT del plantel, que sigui\u00f3: \u201cTengo la suerte de estar en un club que me abri\u00f3 las puertas, pas\u00e9 por todas las categor\u00edas, arm\u00e9 un proyecto y es un club al que se viene a trabajar, que tiene muchos deportes sociales y no tenemos la presi\u00f3n que tienen otros clubes\u201d.<\/p>\n\n\n\n<p>El \u201cFlaco\u201d vive los partidos de manera fren\u00e9tica, y lo explica: \u201cUno trata de mejorar eso, mi forma de dirigir es as\u00ed, pero trato de estar m\u00e1s tranquilo para que los jugadores est\u00e9n tranquilos\u201d, asegur\u00f3, y valor\u00f3 la confianza de los dirigentes: \u201cUn apoyo terrible, pas\u00e9 por todas las categor\u00edas, conozco a los chicos, armamos algo lindo y agradecido por cada cosa que uno pide y que te la den, por armar un cuerpo t\u00e9cnico de amigos, quiero mucho a Gimnasia y tengo sentido de pertenencia\u201d.<\/p>\n\n\n\n<p>En su grupo de trabajo, Andreoni puso gente de su confianza y sobre todo, amigos: \u201cLa idea era tratar de sumar gente, se sum\u00f3 Guido De Mayo que sabe mucho de f\u00fatbol, una persona muy tranquila. Yo soy una persona tranquila, pero en el f\u00fatbol lo miro con m\u00e1s intensidad. Armamos un cuerpo t\u00e9cnico armonioso y con gente buena que todos tiran para adelante\u201d, indic\u00f3, y ampli\u00f3 de plan que tuvo cuando arrib\u00f3 al \u201cLobo\u201d: \u201cLa idea era hacer un proyecto para que los chicos se sumen al plantel de Primera. El a\u00f1o pasado subieron varios chicos, este a\u00f1o no tanto, pero la idea es que los chicos lleguen a Primera, queremos trabajar inferiores y lograr un estilo.Es un club que te da valores\u201d.<\/p>\n\n\n\n<p>En cuanto a la final con el \u201cFerroviario\u201d, el ex mediocampista de Sports y Alfonzo, analiz\u00f3: \u201cEl primer torneo fuimos s\u00f3lidos en todas las l\u00edneas, el segundo torneo no encontramos la efectividad para ganarlo y cuando nos llegaban nos lastimaban. En todas las l\u00edneas trabajamos y llevamos un funcionamiento para ganar el partido, en lo defensivo fue muy bueno, en el medio nunca dejamos jugar a Tr\u00e1ficos y en la delantera los chicos se destacaron arriba\u201d, y luego confes\u00f3: \u201cPens\u00e9 que \u00edbamos a penales, cambiamos el esquema, ellos se nos ven\u00edan y yo quer\u00eda los penales. Pudimos sacar esa contra y termin\u00f3 bien la jugada\u201d. Y tambi\u00e9n rememor\u00f3 la acci\u00f3n del tanto de la victoria de Balich a las 44\u00b4 del complemento: \u201cCuando pasa el centro, que Sebas (Obrej\u00f3n) patea y la pifia, la pelota pasa por todos, cada vez la vi m\u00e1s lejos, pero cuando fue y la impact\u00f3 sab\u00eda que la iba a meter. Fue un partido so\u00f1ado\u201d.<\/p>\n\n\n\n<p>Sin embargo, Mauricio no se sinti\u00f3 campe\u00f3n en ese momento: \u201cNunca sab\u00e9s qui\u00e9n va a ganar hasta que el \u00e1rbitro toque el silbato, nos sent\u00edamos bien, pasaron los minutos y est\u00e1bamos muy feliz\u201d, se\u00f1al\u00f3, y cerr\u00f3 con los agradecimientos por el logro: \u201cAl club Gimnasia por el apoyo, a los jugadores, mi cuerpo t\u00e9cnico y sobre todo mi familia, mi mujer Paola, mis hijos y mi viejo que est\u00e1n todos contentos\u201d.<\/p>\n","protected":false},"excerpt":{"rendered":"<p>Mauricio Andreoni es el DT del primer campe\u00f3n de la liga pergaminense en este 2022. El domingo, con su Gimnasia y Esgrima derrot\u00f3 a Tr\u00e1ficos 2 a 1 en la final de vuelta de Segunda Divisi\u00f3n, y lograron el ascenso a la A. En di\u00e1logo con La Gloria o Devoto, el \u201cFlaco\u201d expres\u00f3 sus sensaciones, [&hellip;]<\/p>\n","protected":false},"author":7,"featured_media":5213,"comment_status":"open","ping_status":"open","sticky":false,"template":"","format":"standard","meta":{"_monsterinsights_skip_tracking":false,"_monsterinsights_sitenote_active":false,"_monsterinsights_sitenote_note":"","_monsterinsights_sitenote_category":0,"footnotes":""},"categories":[7],"tags":[170],"class_list":["post-5212","post","type-post","status-publish","format-standard","has-post-thumbnail","hentry","category-deportes","tag-170"],"_links":{"self":[{"href":"https:\/\/news.digitaltv.com.ar\/index.php?rest_route=\/wp\/v2\/posts\/5212","targetHints":{"allow":["GET"]}}],"collection":[{"href":"https:\/\/news.digitaltv.com.ar\/index.php?rest_route=\/wp\/v2\/posts"}],"about":[{"href":"https:\/\/news.digitaltv.com.ar\/index.php?rest_route=\/wp\/v2\/types\/post"}],"author":[{"embeddable":true,"href":"https:\/\/news.digitaltv.com.ar\/index.php?rest_route=\/wp\/v2\/users\/7"}],"replies":[{"embeddable":true,"href":"https:\/\/news.digitaltv.com.ar\/index.php?rest_route=%2Fwp%2Fv2%2Fcomments&post=5212"}],"version-history":[{"count":1,"href":"https:\/\/news.digitaltv.com.ar\/index.php?rest_route=\/wp\/v2\/posts\/5212\/revisions"}],"predecessor-version":[{"id":5214,"href":"https:\/\/news.digitaltv.com.ar\/index.php?rest_route=\/wp\/v2\/posts\/5212\/revisions\/5214"}],"wp:featuredmedia":[{"embeddable":true,"href":"https:\/\/news.digitaltv.com.ar\/index.php?rest_route=\/wp\/v2\/media\/5213"}],"wp:attachment":[{"href":"https:\/\/news.digitaltv.com.ar\/index.php?rest_route=%2Fwp%2Fv2%2Fmedia&parent=5212"}],"wp:term":[{"taxonomy":"category","embeddable":true,"href":"https:\/\/news.digitaltv.com.ar\/index.php?rest_route=%2Fwp%2Fv2%2Fcategories&post=5212"},{"taxonomy":"post_tag","embeddable":true,"href":"https:\/\/news.digitaltv.com.ar\/index.php?rest_route=%2Fwp%2Fv2%2Ftags&post=5212"}],"curies":[{"name":"wp","href":"https:\/\/api.w.org\/{rel}","templated":true}]}}