{"id":5229,"date":"2022-09-23T09:26:24","date_gmt":"2022-09-23T12:26:24","guid":{"rendered":"https:\/\/news.digitaltv.com.ar\/?p=5229"},"modified":"2022-09-23T11:15:25","modified_gmt":"2022-09-23T14:15:25","slug":"murio-carlitos-bala-un-icono-de-la-cultura-popular-que-perduro-a-lo-largo-de-varias-generaciones","status":"publish","type":"post","link":"https:\/\/news.digitaltv.com.ar\/?p=5229","title":{"rendered":"MURI\u00d3 CARLITOS BAL\u00c1, UN \u00cdCONO DE LA CULTURA POPULAR QUE PERDUR\u00d3 A LO LARGO DE VARIAS GENERACIONES"},"content":{"rendered":"\n<p>El comediante Carlos Bal\u00e1, quien hab\u00eda sido internado ayer de urgencia, falleci\u00f3 a los 97 a\u00f1os, seg\u00fan confirm\u00f3 esta ma\u00f1ana su nieta Laura Gelfi.<\/p>\n\n\n\n<p>&#8220;Estamos devastados pero unidos y as\u00ed se fue \u00e9l, con la familia unida y mucho amor&#8221;, afirm\u00f3 la nieta en declaraciones formuladas a Teleshow, en las que precis\u00f3 que el fallecimiento se produjo anoche.<\/p>\n\n\n\n<p>Emblema de la infancia de toda una \u00e9poca, cuya vigencia perdur\u00f3 a lo largo de varias generaciones, Carlitos Bal\u00e1 hab\u00eda sido homenajeado en 2017 en la C\u00e1mara de Diputados de la Naci\u00f3n por su &#8220;trayectoria art\u00edstica y su aporte a la cultura popular&#8221;.<\/p>\n\n\n\n<p>&#8220;Aqu\u00ed lleg\u00f3 Bal\u00e1&#8221;, &#8220;qu\u00e9 gusto tiene la sal&#8221;, el &#8220;gestito de idea&#8221;, son apenas algunas de las frases de sus shows que quedaron sellladas en la historia y fueron una marca registrada de su identidad.<\/p>\n\n\n\n<p>El mismo a\u00f1o en que fue homenajeado en el Congreso de la Naci\u00f3n, el 2017, Bal\u00e1 recibi\u00f3 tambi\u00e9n el diploma de Ciudadano Ilustre en un homenaje que se le realiz\u00f3 en la Legislatura porte\u00f1a.<\/p>\n\n\n\n<p>A principios de ese mismo a\u00f1o hab\u00eda recibido tambi\u00e9n una Menci\u00f3n de Honor en los premios Estrella de Mar, en tanto en 2016 lo homenajearon en los premios Gardel, y fue declarado &#8220;Embajador de Paz&#8221; en el Vaticano.<\/p>\n\n\n\n<p>Actor, comediante, humorista, m\u00fasico, Carlitos Bal\u00e1 -cuyo nombre real era Carlos Salim Bala\u00e1 Boglich- hab\u00eda sido internado ayer de urgencia en el Sanatorio G\u00fcemes, de la ciudad de Buenos Aires, tras haber sufrido una descompensaci\u00f3n.<\/p>\n\n\n\n<p>Hab\u00eda nacido el 13 de agosto y pasado a la fama con el m\u00edtico &#8220;Show de Carlitos Bal\u00e1&#8221;, un emblema de la infancia para muchas generaciones.<\/p>\n\n\n\n<p>&#8220;Ya van cuatro generaciones que me siguen, contando \u00e9sta de Panam. Hay que entenderlos. Tienen otros chiches, pero siguen siendo chicos. No tengo tiempo para estar triste, tengo alegr\u00edas que me eclipsan. Y hago re\u00edr todo el d\u00eda. En los aviones me pongo a bailar con las azafatas. La f\u00f3rmula es recibir cari\u00f1o. Yo soy de esp\u00edritu joven. El cari\u00f1o te rejuvenece. Todo el mundo deber\u00eda recibir cari\u00f1o, pero est\u00e1 el poder adelante y nadie la quiere entender. Yo tengo cerca el cementerio de la Recoleta y digo: &#8216;As\u00ed terminamos todos&#8217;, hab\u00eda asegurado Carlitos Bal\u00e1 antes del homenaje que le hicieron, en 2017, en la C\u00e1mara de Diputados.<\/p>\n","protected":false},"excerpt":{"rendered":"<p>El comediante Carlos Bal\u00e1, quien hab\u00eda sido internado ayer de urgencia, falleci\u00f3 a los 97 a\u00f1os, seg\u00fan confirm\u00f3 esta ma\u00f1ana su nieta Laura Gelfi. &#8220;Estamos devastados pero unidos y as\u00ed se fue \u00e9l, con la familia unida y mucho amor&#8221;, afirm\u00f3 la nieta en declaraciones formuladas a Teleshow, en las que precis\u00f3 que el fallecimiento [&hellip;]<\/p>\n","protected":false},"author":1,"featured_media":5230,"comment_status":"open","ping_status":"open","sticky":false,"template":"","format":"standard","meta":{"_monsterinsights_skip_tracking":false,"_monsterinsights_sitenote_active":false,"_monsterinsights_sitenote_note":"","_monsterinsights_sitenote_category":0,"footnotes":""},"categories":[2],"tags":[160],"class_list":["post-5229","post","type-post","status-publish","format-standard","has-post-thumbnail","hentry","category-espectaculos","tag-160"],"_links":{"self":[{"href":"https:\/\/news.digitaltv.com.ar\/index.php?rest_route=\/wp\/v2\/posts\/5229","targetHints":{"allow":["GET"]}}],"collection":[{"href":"https:\/\/news.digitaltv.com.ar\/index.php?rest_route=\/wp\/v2\/posts"}],"about":[{"href":"https:\/\/news.digitaltv.com.ar\/index.php?rest_route=\/wp\/v2\/types\/post"}],"author":[{"embeddable":true,"href":"https:\/\/news.digitaltv.com.ar\/index.php?rest_route=\/wp\/v2\/users\/1"}],"replies":[{"embeddable":true,"href":"https:\/\/news.digitaltv.com.ar\/index.php?rest_route=%2Fwp%2Fv2%2Fcomments&post=5229"}],"version-history":[{"count":1,"href":"https:\/\/news.digitaltv.com.ar\/index.php?rest_route=\/wp\/v2\/posts\/5229\/revisions"}],"predecessor-version":[{"id":5231,"href":"https:\/\/news.digitaltv.com.ar\/index.php?rest_route=\/wp\/v2\/posts\/5229\/revisions\/5231"}],"wp:featuredmedia":[{"embeddable":true,"href":"https:\/\/news.digitaltv.com.ar\/index.php?rest_route=\/wp\/v2\/media\/5230"}],"wp:attachment":[{"href":"https:\/\/news.digitaltv.com.ar\/index.php?rest_route=%2Fwp%2Fv2%2Fmedia&parent=5229"}],"wp:term":[{"taxonomy":"category","embeddable":true,"href":"https:\/\/news.digitaltv.com.ar\/index.php?rest_route=%2Fwp%2Fv2%2Fcategories&post=5229"},{"taxonomy":"post_tag","embeddable":true,"href":"https:\/\/news.digitaltv.com.ar\/index.php?rest_route=%2Fwp%2Fv2%2Ftags&post=5229"}],"curies":[{"name":"wp","href":"https:\/\/api.w.org\/{rel}","templated":true}]}}