{"id":5264,"date":"2022-09-24T11:08:06","date_gmt":"2022-09-24T14:08:06","guid":{"rendered":"https:\/\/news.digitaltv.com.ar\/?p=5264"},"modified":"2022-09-25T11:19:10","modified_gmt":"2022-09-25T14:19:10","slug":"jornada-de-capacitacion-por-la-nueva-campana-de-vacunacion","status":"publish","type":"post","link":"https:\/\/news.digitaltv.com.ar\/?p=5264","title":{"rendered":"JORNADA DE CAPACITACI\u00d3N POR LA NUEVA CAMPA\u00d1A DE VACUNACI\u00d3N"},"content":{"rendered":"\n<p>Ayer a la ma\u00f1ana en el auditorio de la Biblioteca Men\u00e9ndez se llev\u00f3 a cabo una jornada de capacitaci\u00f3n sobre la Campa\u00f1a Nacional de seguimiento contra Sarampi\u00f3n, Rubeola, Paperas y Polio 2022.<br>Estuvo destinada a pediatras, enfermeros de Atenci\u00f3n Primaria de la Salud y trabajadores sociales de la Secretar\u00eda de Salud y de la Secretar\u00eda de Desarrollo Social.<\/p>\n\n\n\n<p><em><strong>\u201cLa campa\u00f1a comenzar\u00e1 el 1 de octubre y se extender\u00e1 hasta el 13 de noviembre de 2022 y est\u00e1 destinada a ni\u00f1os y ni\u00f1as de 13 meses a 4 a\u00f1os, 11 meses y 29 d\u00edas (nacidos entre 1\/11\/2017 al 31\/08\/2021) de las 23 provincias y la Ciudad Aut\u00f3noma de Buenos Aires\u201d,<\/strong> explic\u00f3 la directora de Estad\u00edstica, Epidemiolog\u00eda e Inmunizaciones \u00c9rica Per\u00edes.<\/em><\/p>\n\n\n\n<p>La funcionaria adelant\u00f3 que se articul\u00f3 con inspectores de Educaci\u00f3n de Nivel Inicial para recorrer jardines maternales y jardines de infantes, como as\u00ed tambi\u00e9n los Centros de Desarrollo Comunitarios para aplicar las dosis correspondientes a los ni\u00f1os que forman parte de la poblaci\u00f3n objetivo de la campa\u00f1a de vacunaci\u00f3n.<\/p>\n","protected":false},"excerpt":{"rendered":"<p>Ayer a la ma\u00f1ana en el auditorio de la Biblioteca Men\u00e9ndez se llev\u00f3 a cabo una jornada de capacitaci\u00f3n sobre la Campa\u00f1a Nacional de seguimiento contra Sarampi\u00f3n, Rubeola, Paperas y Polio 2022.Estuvo destinada a pediatras, enfermeros de Atenci\u00f3n Primaria de la Salud y trabajadores sociales de la Secretar\u00eda de Salud y de la Secretar\u00eda de [&hellip;]<\/p>\n","protected":false},"author":1,"featured_media":5265,"comment_status":"open","ping_status":"open","sticky":false,"template":"","format":"standard","meta":{"_monsterinsights_skip_tracking":false,"_monsterinsights_sitenote_active":false,"_monsterinsights_sitenote_note":"","_monsterinsights_sitenote_category":0,"footnotes":""},"categories":[152],"tags":[160],"class_list":["post-5264","post","type-post","status-publish","format-standard","has-post-thumbnail","hentry","category-pergamino","tag-160"],"_links":{"self":[{"href":"https:\/\/news.digitaltv.com.ar\/index.php?rest_route=\/wp\/v2\/posts\/5264","targetHints":{"allow":["GET"]}}],"collection":[{"href":"https:\/\/news.digitaltv.com.ar\/index.php?rest_route=\/wp\/v2\/posts"}],"about":[{"href":"https:\/\/news.digitaltv.com.ar\/index.php?rest_route=\/wp\/v2\/types\/post"}],"author":[{"embeddable":true,"href":"https:\/\/news.digitaltv.com.ar\/index.php?rest_route=\/wp\/v2\/users\/1"}],"replies":[{"embeddable":true,"href":"https:\/\/news.digitaltv.com.ar\/index.php?rest_route=%2Fwp%2Fv2%2Fcomments&post=5264"}],"version-history":[{"count":1,"href":"https:\/\/news.digitaltv.com.ar\/index.php?rest_route=\/wp\/v2\/posts\/5264\/revisions"}],"predecessor-version":[{"id":5266,"href":"https:\/\/news.digitaltv.com.ar\/index.php?rest_route=\/wp\/v2\/posts\/5264\/revisions\/5266"}],"wp:featuredmedia":[{"embeddable":true,"href":"https:\/\/news.digitaltv.com.ar\/index.php?rest_route=\/wp\/v2\/media\/5265"}],"wp:attachment":[{"href":"https:\/\/news.digitaltv.com.ar\/index.php?rest_route=%2Fwp%2Fv2%2Fmedia&parent=5264"}],"wp:term":[{"taxonomy":"category","embeddable":true,"href":"https:\/\/news.digitaltv.com.ar\/index.php?rest_route=%2Fwp%2Fv2%2Fcategories&post=5264"},{"taxonomy":"post_tag","embeddable":true,"href":"https:\/\/news.digitaltv.com.ar\/index.php?rest_route=%2Fwp%2Fv2%2Ftags&post=5264"}],"curies":[{"name":"wp","href":"https:\/\/api.w.org\/{rel}","templated":true}]}}