{"id":5271,"date":"2022-09-24T11:22:26","date_gmt":"2022-09-24T14:22:26","guid":{"rendered":"https:\/\/news.digitaltv.com.ar\/?p=5271"},"modified":"2022-09-24T11:22:46","modified_gmt":"2022-09-24T14:22:46","slug":"es-algo-que-pasa-una-vez-en-la-vida","status":"publish","type":"post","link":"https:\/\/news.digitaltv.com.ar\/?p=5271","title":{"rendered":"&#8220;ES ALGO QUE PASA UNA VEZ EN LA VIDA&#8221;"},"content":{"rendered":"\n<p><em>El juvenil, Mateo Teixid\u00f3, charl\u00f3 con La Gloria o Devoto luego de su debut en la red en Racing, el cual sirvi\u00f3 para vencer a Douglas 1 a 0 en la tercera fecha del Extra del torneo local. El pibe de 15 a\u00f1os, no sale de su asombro por convertir un gol ya que se desempe\u00f1a de lateral izquierdo y est\u00e1 sumando sus minutos iniciales en la m\u00e1xima divisional. Adem\u00e1s, el defensor valor\u00f3 el apoyo del DT, Mat\u00edas Morales, y de los dirigentes del \u201cBohemio\u201d, que bancan un proyecto que ye est\u00e1 dando sus frutos.<\/em><\/p>\n\n\n\n<p>Mateo Teixid\u00f3 vive un momento de felicidad plena. A sus minutos iniciales en Primera Divisi\u00f3n, ahora le sum\u00f3 un gol, en su Racing, que venci\u00f3 el pasado fin de semana 1 a 0 a Douglas en el Extra del torneo local: \u201cS\u00ed, contento, es algo que pasa una vez en la vida. En el partido no me daba cuenta y en el partido digo \u00b4mir\u00e1 lo que hice`\u201d, explic\u00f3 el pibe, que siempre jug\u00f3 en la instituci\u00f3n: \u201cDesde los 7 a\u00f1os, me queda cerca el club. Estuve toda la vida ah\u00ed, es mi segunda casa, conozco a todos ah\u00ed\u201d.<\/p>\n\n\n\n<p>El juvenil tiene 15 a\u00f1os, aunque demuestra madurez: \u201cLo disfruto m\u00e1s que nada, no intento ponerme tanta presi\u00f3n, intento disfrutarlo d\u00eda a d\u00eda, y la responsabilidad que tiene todo jugador\u201d, se\u00f1al\u00f3, y acerca de su gol, ampli\u00f3: \u201cSe dio, ten\u00edamos la pelota, la jugada se termin\u00f3 dando por aquel lado, sub\u00ed y me lleg\u00f3 el centro a la cabeza y la empuj\u00e9\u201d.<\/p>\n\n\n\n<p>Teixid\u00f3 ya habla de objetivos deportivos: \u201cEste a\u00f1o salir campe\u00f3n, es una meta corta y de lo personal mi sue\u00f1o es jugar f\u00fatbol profesional\u201d, manifest\u00f3, y asegur\u00f3 que el rival al que le convirti\u00f3 es una motivaci\u00f3n en esa b\u00fasqueda: \u201cDouglas tiene el nombre en Pergamino, no es lo mismo jugar en cualquier club que en Douglas\u201d.<a><\/a><\/p>\n\n\n\n<p>Fuera de esto, el lateral izquierdo valora el trabajo de Morales, el DT:\u201cCuando lleg\u00f3 Mati hubo un cambio grande, Mati nos da un apoyo y la instituci\u00f3n nos acompa\u00f1a bastante\u201d, indic\u00f3, y enseguida ya puso su mente en el pr\u00f3ximo cotejo frente a Sports, al cual lo imagina: \u201cUn partido peleado, los dos quieren ganar, los dos enfocados en lo que tienen que hacer y obviamente con el objetivo de ganar\u201d.<\/p>\n\n\n\n<p>Mimetizado en el mensaje que cae desde el cuerpo t\u00e9cnico, Mateo expres\u00f3: \u201cPodemos ganar, empatar y perder, es lo que se da, todos quieren ganar y nosotros intentamos ganar de la manera que nosotros queremos\u201d, y en la despedida le dedic\u00f3 su conquista a los suyos: \u201cPara mi familia, mi pap\u00e1, mi mam\u00e1, mi hermano, mis abuelos, para la gente de Racing que siempre nos acompa\u00f1a, para el club y el t\u00e9cnico que conf\u00eda en nosotros\u201d.<\/p>\n","protected":false},"excerpt":{"rendered":"<p>El juvenil, Mateo Teixid\u00f3, charl\u00f3 con La Gloria o Devoto luego de su debut en la red en Racing, el cual sirvi\u00f3 para vencer a Douglas 1 a 0 en la tercera fecha del Extra del torneo local. El pibe de 15 a\u00f1os, no sale de su asombro por convertir un gol ya que se [&hellip;]<\/p>\n","protected":false},"author":1,"featured_media":5272,"comment_status":"open","ping_status":"open","sticky":false,"template":"","format":"standard","meta":{"_monsterinsights_skip_tracking":false,"_monsterinsights_sitenote_active":false,"_monsterinsights_sitenote_note":"","_monsterinsights_sitenote_category":0,"footnotes":""},"categories":[7],"tags":[170],"class_list":["post-5271","post","type-post","status-publish","format-standard","has-post-thumbnail","hentry","category-deportes","tag-170"],"_links":{"self":[{"href":"https:\/\/news.digitaltv.com.ar\/index.php?rest_route=\/wp\/v2\/posts\/5271","targetHints":{"allow":["GET"]}}],"collection":[{"href":"https:\/\/news.digitaltv.com.ar\/index.php?rest_route=\/wp\/v2\/posts"}],"about":[{"href":"https:\/\/news.digitaltv.com.ar\/index.php?rest_route=\/wp\/v2\/types\/post"}],"author":[{"embeddable":true,"href":"https:\/\/news.digitaltv.com.ar\/index.php?rest_route=\/wp\/v2\/users\/1"}],"replies":[{"embeddable":true,"href":"https:\/\/news.digitaltv.com.ar\/index.php?rest_route=%2Fwp%2Fv2%2Fcomments&post=5271"}],"version-history":[{"count":1,"href":"https:\/\/news.digitaltv.com.ar\/index.php?rest_route=\/wp\/v2\/posts\/5271\/revisions"}],"predecessor-version":[{"id":5273,"href":"https:\/\/news.digitaltv.com.ar\/index.php?rest_route=\/wp\/v2\/posts\/5271\/revisions\/5273"}],"wp:featuredmedia":[{"embeddable":true,"href":"https:\/\/news.digitaltv.com.ar\/index.php?rest_route=\/wp\/v2\/media\/5272"}],"wp:attachment":[{"href":"https:\/\/news.digitaltv.com.ar\/index.php?rest_route=%2Fwp%2Fv2%2Fmedia&parent=5271"}],"wp:term":[{"taxonomy":"category","embeddable":true,"href":"https:\/\/news.digitaltv.com.ar\/index.php?rest_route=%2Fwp%2Fv2%2Fcategories&post=5271"},{"taxonomy":"post_tag","embeddable":true,"href":"https:\/\/news.digitaltv.com.ar\/index.php?rest_route=%2Fwp%2Fv2%2Ftags&post=5271"}],"curies":[{"name":"wp","href":"https:\/\/api.w.org\/{rel}","templated":true}]}}