{"id":531,"date":"2022-03-06T12:18:25","date_gmt":"2022-03-06T15:18:25","guid":{"rendered":"https:\/\/wp.digitaltv.com.ar\/?p=531"},"modified":"2022-03-08T10:31:11","modified_gmt":"2022-03-08T13:31:11","slug":"fracaso-el-segundo-intento-de-evacuar-a-civiles-de-mariupol","status":"publish","type":"post","link":"https:\/\/news.digitaltv.com.ar\/?p=531","title":{"rendered":"Fracas\u00f3 el segundo intento de evacuar a civiles de Mariupol"},"content":{"rendered":"\n<p>Un funcionario del Ministerio del Interior ucraniano dijo que un segundo intento de evacuar a civiles de la sure\u00f1a Mariupol fracas\u00f3 este domingo debido a continuos bombardeos de las tropas rusas que rodean la ciudad portuaria.<\/p>\n\n\n\n<p>Las evacuaciones ten\u00edan previsto comenzar al mediod\u00eda durante un alto el fuego desde las 10 a las 21, pero Anton Gerashchenko, asesor del Ministerio del Interior, dijo que los ataques rusos las volvieron a impedir por segundo d\u00eda consecutivo.<\/p>\n\n\n\n<p>&#8220;No puede haber corredores seguros porque la mente enferma de los rusos decide empezar a disparar&#8221;, escribi\u00f3 Gerashchenko en Telegram, inform\u00f3 CNN. <\/p>\n\n\n\n<p><strong>El Comit\u00e9 Internacional de la Cruz Roja (CICR) confirm\u00f3 la &#8220;interrupci\u00f3n&#8221; de la evacuaci\u00f3n de Mariupol,&nbsp;<\/strong>una ciudad de 430.000 habitantes ubicada sobre el mar de Azov y sitiada por tropas rusas desde la semana pasada.<\/p>\n\n\n\n<p>&#8220;En medio de escenas devastadoras de sufrimiento humano en Mari\u00fapol,&nbsp;<strong>este domingo se &#8220;interrumpi\u00f3&#8221; un segundo intento de comenzar a evacuar a unas 200.000 personas de la ciudad&#8221;<\/strong>, dijo el CICR en un comunicado. <\/p>\n","protected":false},"excerpt":{"rendered":"<p>Un funcionario del Ministerio del Interior ucraniano dijo que un segundo intento de evacuar a civiles de la sure\u00f1a Mariupol fracas\u00f3 este domingo debido a continuos bombardeos de las tropas rusas que rodean la ciudad portuaria. Las evacuaciones ten\u00edan previsto comenzar al mediod\u00eda durante un alto el fuego desde las 10 a las 21, pero [&hellip;]<\/p>\n","protected":false},"author":3,"featured_media":532,"comment_status":"open","ping_status":"open","sticky":false,"template":"","format":"standard","meta":{"_monsterinsights_skip_tracking":false,"_monsterinsights_sitenote_active":false,"_monsterinsights_sitenote_note":"","_monsterinsights_sitenote_category":0,"footnotes":""},"categories":[150],"tags":[],"class_list":["post-531","post","type-post","status-publish","format-standard","has-post-thumbnail","hentry","category-actualidad"],"_links":{"self":[{"href":"https:\/\/news.digitaltv.com.ar\/index.php?rest_route=\/wp\/v2\/posts\/531","targetHints":{"allow":["GET"]}}],"collection":[{"href":"https:\/\/news.digitaltv.com.ar\/index.php?rest_route=\/wp\/v2\/posts"}],"about":[{"href":"https:\/\/news.digitaltv.com.ar\/index.php?rest_route=\/wp\/v2\/types\/post"}],"author":[{"embeddable":true,"href":"https:\/\/news.digitaltv.com.ar\/index.php?rest_route=\/wp\/v2\/users\/3"}],"replies":[{"embeddable":true,"href":"https:\/\/news.digitaltv.com.ar\/index.php?rest_route=%2Fwp%2Fv2%2Fcomments&post=531"}],"version-history":[{"count":2,"href":"https:\/\/news.digitaltv.com.ar\/index.php?rest_route=\/wp\/v2\/posts\/531\/revisions"}],"predecessor-version":[{"id":534,"href":"https:\/\/news.digitaltv.com.ar\/index.php?rest_route=\/wp\/v2\/posts\/531\/revisions\/534"}],"wp:featuredmedia":[{"embeddable":true,"href":"https:\/\/news.digitaltv.com.ar\/index.php?rest_route=\/wp\/v2\/media\/532"}],"wp:attachment":[{"href":"https:\/\/news.digitaltv.com.ar\/index.php?rest_route=%2Fwp%2Fv2%2Fmedia&parent=531"}],"wp:term":[{"taxonomy":"category","embeddable":true,"href":"https:\/\/news.digitaltv.com.ar\/index.php?rest_route=%2Fwp%2Fv2%2Fcategories&post=531"},{"taxonomy":"post_tag","embeddable":true,"href":"https:\/\/news.digitaltv.com.ar\/index.php?rest_route=%2Fwp%2Fv2%2Ftags&post=531"}],"curies":[{"name":"wp","href":"https:\/\/api.w.org\/{rel}","templated":true}]}}