{"id":5379,"date":"2022-09-29T09:01:49","date_gmt":"2022-09-29T12:01:49","guid":{"rendered":"https:\/\/news.digitaltv.com.ar\/?p=5379"},"modified":"2022-09-29T09:02:20","modified_gmt":"2022-09-29T12:02:20","slug":"a-veces-hay-que-bajar-un-escalon-para-subir-dos","status":"publish","type":"post","link":"https:\/\/news.digitaltv.com.ar\/?p=5379","title":{"rendered":"&#8220;A VECES HAY QUE BAJAR UN ESCAL\u00d3N, PARA SUBIR DOS&#8221;"},"content":{"rendered":"\n<p><em>El pergaminense, Guillermo Pereira, ascendi\u00f3 con Belgrano de C\u00f3rdoba el pasado fin de semana, y lo revivi\u00f3 en La Gloria o Devoto, donde confes\u00f3 de la arriesgada decisi\u00f3n de dejar Godoy Cruz, en Primera Divisi\u00f3n, y marchar a mitad de temporada al \u201cPirata\u201d. Por eso, el ex Douglas celebra con creces la determinaci\u00f3n, cont\u00f3 c\u00f3mo se vive el f\u00fatbol en la ciudad del fernet, y de sus ganas de seguir en los celestes, con quien lo une todav\u00eda un a\u00f1o m\u00e1s de contrato<\/em><\/p>\n\n\n\n<p>Guillermo Pereira comenz\u00f3 el 2022 en Godoy Cruz, aunque por falta de minutos tom\u00f3 una decisi\u00f3n s\u00faper arriesgada: \u201cA veces hay que bajar un escal\u00f3n para subir dos, para tomar envi\u00f3n, y gracias a Dios tambi\u00e9n me acompa\u00f1\u00f3 la suerte, que es trabajo y sacrificio. Estoy inmensamente feliz\u201d, explic\u00f3 el mediocampista, que ascendi\u00f3 el pasado fin de semana: \u201cEstaba en un lugar donde me cost\u00f3 mucho llegar, era un sue\u00f1o volver a Primera Divisi\u00f3n por lo que trabaj\u00e9 y estando ah\u00ed no ten\u00eda el rodaje que buscaba y que me haga crecer. Tuve que tomar otro camino, otro objetivo y sali\u00f3 la posibilidad de Belgrano, no lo dud\u00e9 un segundo\u201d.<\/p>\n\n\n\n<p>El ex Douglas, ya m\u00e1s tranquilo, asegura haber optado por la determinaci\u00f3n correcta: \u201cLa gente es muy pasional, es muy fan\u00e1tica de su club, son muy hinchas, quieren al club y Belgrano tiene un r\u00e9cord de socios, es fiel seguidor y lo demostr\u00f3 en cada partido de local y en Copa Argentina. Tienen un apoyo incondicional y se vio reflejado el d\u00eda lunes en el recibimiento\u201d, manifest\u00f3.<\/p>\n\n\n\n<p>Consultado sobre si esta es la mayor alegr\u00eda de su carrera deportiva, Pereira se sincer\u00f3: \u201cHoy en d\u00eda s\u00ed, me toc\u00f3 ascender con Independiente pero no jugu\u00e9 ning\u00fan partido, no me sent\u00ed parte, s\u00ed me puse contento por mis compa\u00f1eros. \u00cdbamos segundos y parec\u00eda que estaba todo mal, fue un alivio y esto fue todo locontrario, sab\u00eda que ven\u00eda a un equipo que estaba armado, sab\u00eda que todo lo que ten\u00eda iba a ser bueno, es un club enorme y hoy puedo decir que fue lo mejor que me pas\u00f3 de lo futbol\u00edstico\u201d, indic\u00f3.<\/p>\n\n\n\n<p>En referencia al campeonato, el pergaminense de 28 pirulos analiz\u00f3: \u201cTuvimos un baj\u00f3n, que fue m\u00e1s extrafutbol\u00edstico. Siempre ten\u00edamos en claro que est\u00e1bamos de la mejor manera, se vio reflejado cuando enfrentamos a Instituto, est\u00e1bamos punteros con 6 puntos del segundo, tuvimos partidos malos y gracias a Dios nos acompa\u00f1aron los resultados, nos toc\u00f3 Agropecuario y el de Instituto cuando ganamos ac\u00e1 fue clave porque era el perseguidor. Sab\u00eda que no se nos iba a escapar porque el grupo de hizo fuerte en ese momento, fueron tres partidos que ganamos seguidos e internamente dec\u00edamos que no se nos iba a escapar\u201d, <a>se\u00f1a<\/a>l\u00f3, y agreg\u00f3: \u201cEn 117 a\u00f1os de historia es la primera vez que sale campe\u00f3n en un torneo de AFA, es dif\u00edcil caer, nosotros seguimos festejando, pero logramos algo hist\u00f3rico, ganamos el torneo de punta a punta\u201d. Y de sus ganas de continuidad en Alberdi, expres\u00f3: \u201cTengo contrato un a\u00f1o m\u00e1s, de no pasar nada extra\u00f1o seguir\u00edamos ac\u00e1. Me encantar\u00eda seguir ac\u00e1\u201d.<\/p>\n\n\n\n<p>En el cierre, Guillermo confes\u00f3 en qui\u00e9nes pens\u00f3 cuando finaliz\u00f3 el encuentro frente a Brown de Adrogu\u00e9 en San Nicol\u00e1s y se consagraron: \u201cLa familia, es lo primero que se te viene, es los que est\u00e1n cuando las cosas no salen bien, son los primeros que te apoyan, te alientan y no te dejan caer, mi novia, que vivo con ella, que me banca, mi familia, que siempre me apoya y desde chiquito me acompa\u00f1\u00f3 a todos lados, y mis amigos, que estoy en contacto en todo momento\u201d, culmin\u00f3.<\/p>\n","protected":false},"excerpt":{"rendered":"<p>El pergaminense, Guillermo Pereira, ascendi\u00f3 con Belgrano de C\u00f3rdoba el pasado fin de semana, y lo revivi\u00f3 en La Gloria o Devoto, donde confes\u00f3 de la arriesgada decisi\u00f3n de dejar Godoy Cruz, en Primera Divisi\u00f3n, y marchar a mitad de temporada al \u201cPirata\u201d. Por eso, el ex Douglas celebra con creces la determinaci\u00f3n, cont\u00f3 c\u00f3mo [&hellip;]<\/p>\n","protected":false},"author":7,"featured_media":5380,"comment_status":"open","ping_status":"open","sticky":false,"template":"","format":"standard","meta":{"_monsterinsights_skip_tracking":false,"_monsterinsights_sitenote_active":false,"_monsterinsights_sitenote_note":"","_monsterinsights_sitenote_category":0,"footnotes":""},"categories":[7],"tags":[170],"class_list":["post-5379","post","type-post","status-publish","format-standard","has-post-thumbnail","hentry","category-deportes","tag-170"],"_links":{"self":[{"href":"https:\/\/news.digitaltv.com.ar\/index.php?rest_route=\/wp\/v2\/posts\/5379","targetHints":{"allow":["GET"]}}],"collection":[{"href":"https:\/\/news.digitaltv.com.ar\/index.php?rest_route=\/wp\/v2\/posts"}],"about":[{"href":"https:\/\/news.digitaltv.com.ar\/index.php?rest_route=\/wp\/v2\/types\/post"}],"author":[{"embeddable":true,"href":"https:\/\/news.digitaltv.com.ar\/index.php?rest_route=\/wp\/v2\/users\/7"}],"replies":[{"embeddable":true,"href":"https:\/\/news.digitaltv.com.ar\/index.php?rest_route=%2Fwp%2Fv2%2Fcomments&post=5379"}],"version-history":[{"count":1,"href":"https:\/\/news.digitaltv.com.ar\/index.php?rest_route=\/wp\/v2\/posts\/5379\/revisions"}],"predecessor-version":[{"id":5381,"href":"https:\/\/news.digitaltv.com.ar\/index.php?rest_route=\/wp\/v2\/posts\/5379\/revisions\/5381"}],"wp:featuredmedia":[{"embeddable":true,"href":"https:\/\/news.digitaltv.com.ar\/index.php?rest_route=\/wp\/v2\/media\/5380"}],"wp:attachment":[{"href":"https:\/\/news.digitaltv.com.ar\/index.php?rest_route=%2Fwp%2Fv2%2Fmedia&parent=5379"}],"wp:term":[{"taxonomy":"category","embeddable":true,"href":"https:\/\/news.digitaltv.com.ar\/index.php?rest_route=%2Fwp%2Fv2%2Fcategories&post=5379"},{"taxonomy":"post_tag","embeddable":true,"href":"https:\/\/news.digitaltv.com.ar\/index.php?rest_route=%2Fwp%2Fv2%2Ftags&post=5379"}],"curies":[{"name":"wp","href":"https:\/\/api.w.org\/{rel}","templated":true}]}}