{"id":5404,"date":"2022-09-30T09:00:49","date_gmt":"2022-09-30T12:00:49","guid":{"rendered":"https:\/\/news.digitaltv.com.ar\/?p=5404"},"modified":"2022-09-30T09:01:09","modified_gmt":"2022-09-30T12:01:09","slug":"no-hay-que-escupir-para-arriba","status":"publish","type":"post","link":"https:\/\/news.digitaltv.com.ar\/?p=5404","title":{"rendered":"&#8220;NO HAY QUE ESCUPIR PARA ARRIBA&#8221;"},"content":{"rendered":"\n<p><em>El DT de Jos\u00e9 Hern\u00e1ndez, Emanuel Gorosito, dialog\u00f3 con La Gloria o Devoto y dej\u00f3 bien en claro la postura que tomar\u00e1n para la revancha ante Viajantes del pr\u00f3ximo fin de semana en las semifinales de Segunda Divisi\u00f3n, a pesar de haber ganado 3 a 1 en la ida. Para el ex jugador de Racing, no deben creerse clasificados, y expres\u00f3 c\u00f3mo lo jugar\u00e1n. Adem\u00e1s, se refiri\u00f3 a un hipot\u00e9tico pase a la final, y confes\u00f3 que le da lo mismo volver a enfrentar a Tr\u00e1ficos.<\/em><\/p>\n\n\n\n<p>Jos\u00e9 Hern\u00e1ndez, \u00e1vido de revancha por quedar en las puertas del Clausura por un gol, se meti\u00f3 en semifinales por el segundo ascenso en la B del f\u00fatbol pergaminense, y en la ida venci\u00f3 3 a 1 a Viajantes: \u201cEs lo que buscaba el grupo, hoy en d\u00eda quedamos cuatro y se dio un buen resultado para llegar al pr\u00f3ximo partido, no est\u00e1 nada terminado, hay que jugar el otro partido\u201d, explic\u00f3 Emanuel Gorosito, DT de la \u201cNaranja Mec\u00e1nica\u201d, que ampli\u00f3: \u201cEsto es lo que Hern\u00e1ndez fue este a\u00f1o, un grupo unido y que siempre la luch\u00f3 desde abajo. El grupo termin\u00f3 levantando, cuando termin\u00f3 el partido contra Tr\u00e1ficos sentimos un dolor muy grande, pero en el partido contra Urquiza pasamos y estamos demostrando por qu\u00e9 somos candidatos\u201d.<\/p>\n\n\n\n<p>Igualmente, m\u00e1s all\u00e1 del resultado positivo del primer chico, el joven entrenador pone los pies sobre la tierra: \u201cNo hay que escupir para arriba, es un resultado importante, son dos goles que nos permiten estar tranquilos, pero no relajados, Viajantes tiene buen plantel y que no hay que darlos por muerto\u201d, avis\u00f3, y sobre lo que viene detall\u00f3: \u201cPienso que hay que estar tranquilos, porque no est\u00e1 nada dicho. Es un partido nuevo, no hay que pensar que est\u00e1 ganado, hay que jugarlo concentrado desde el minuto cero\u201d.<\/p>\n\n\n\n<p>En cuanto al choque con los de Franco Mininno, Gorosito palpit\u00f3: \u201cMe imagino que van a tratar de dar el todo por el todo, perdieron jugadores claves, dos expulsados y \u00b4chicho` Ase que lleg\u00f3 a la quinta amarilla. Nos hicieron un buen partido, sobre todo en el primer tiempo, y a los dos minutos nos hicieron el gol\u201d. Y luego continu\u00f3: \u201cPienso que va a ser trabado por las dimensiones de la cancha, van a estar obligados a buscar el resultado y nosotros esperarlo para jugar de contra\u201d.<\/p>\n\n\n\n<p>El pr\u00f3ximo fin de semana los encuentros liguistas se disputar\u00e1n a puertas cerradas, y seg\u00fan el ex jugador de Racing, eso no repercutir\u00e1 en los suyos: \u201cNo es una ventaja, pero s\u00ed es una desventaja no poder jugar en nuestra cancha, estamos acostumbrados a jugar sin p\u00fablico, el partido contra Tr\u00e1ficos el p\u00fablico se llev\u00f3 toda la atenci\u00f3n, hubo nerviosismo de los jugadores y no pudieron desplegar el juego que tenemos\u201d, manifest\u00f3. Ante la consulta de jugar el lunes y el viernes, d\u00edas laborables y poco descanso entre uno y otro, Emanuel no se quej\u00f3: \u201cEs f\u00fatbol amateur, nosotros con ese resultado estamos tranquilos y guardamos jugadores, pero la estrategia es saber que el partido dura 180 minutos\u201d, tir\u00f3, y acerca de disputar una hipot\u00e9tica final nuevamente con Tr\u00e1ficos, confes\u00f3: \u201cMe dar\u00eda lo mismo, no s\u00e9 si a los jugadores pero a m\u00ed me da lo mismo. Queda esa pica de no poder demostrar el f\u00fatbol de Hern\u00e1ndez, no le pudimos hacer ver a la gente que Hern\u00e1ndez juega bien al futbol\u201d.<\/p>\n","protected":false},"excerpt":{"rendered":"<p>El DT de Jos\u00e9 Hern\u00e1ndez, Emanuel Gorosito, dialog\u00f3 con La Gloria o Devoto y dej\u00f3 bien en claro la postura que tomar\u00e1n para la revancha ante Viajantes del pr\u00f3ximo fin de semana en las semifinales de Segunda Divisi\u00f3n, a pesar de haber ganado 3 a 1 en la ida. Para el ex jugador de Racing, [&hellip;]<\/p>\n","protected":false},"author":7,"featured_media":5405,"comment_status":"open","ping_status":"open","sticky":false,"template":"","format":"standard","meta":{"_monsterinsights_skip_tracking":false,"_monsterinsights_sitenote_active":false,"_monsterinsights_sitenote_note":"","_monsterinsights_sitenote_category":0,"footnotes":""},"categories":[7],"tags":[170],"class_list":["post-5404","post","type-post","status-publish","format-standard","has-post-thumbnail","hentry","category-deportes","tag-170"],"_links":{"self":[{"href":"https:\/\/news.digitaltv.com.ar\/index.php?rest_route=\/wp\/v2\/posts\/5404","targetHints":{"allow":["GET"]}}],"collection":[{"href":"https:\/\/news.digitaltv.com.ar\/index.php?rest_route=\/wp\/v2\/posts"}],"about":[{"href":"https:\/\/news.digitaltv.com.ar\/index.php?rest_route=\/wp\/v2\/types\/post"}],"author":[{"embeddable":true,"href":"https:\/\/news.digitaltv.com.ar\/index.php?rest_route=\/wp\/v2\/users\/7"}],"replies":[{"embeddable":true,"href":"https:\/\/news.digitaltv.com.ar\/index.php?rest_route=%2Fwp%2Fv2%2Fcomments&post=5404"}],"version-history":[{"count":1,"href":"https:\/\/news.digitaltv.com.ar\/index.php?rest_route=\/wp\/v2\/posts\/5404\/revisions"}],"predecessor-version":[{"id":5406,"href":"https:\/\/news.digitaltv.com.ar\/index.php?rest_route=\/wp\/v2\/posts\/5404\/revisions\/5406"}],"wp:featuredmedia":[{"embeddable":true,"href":"https:\/\/news.digitaltv.com.ar\/index.php?rest_route=\/wp\/v2\/media\/5405"}],"wp:attachment":[{"href":"https:\/\/news.digitaltv.com.ar\/index.php?rest_route=%2Fwp%2Fv2%2Fmedia&parent=5404"}],"wp:term":[{"taxonomy":"category","embeddable":true,"href":"https:\/\/news.digitaltv.com.ar\/index.php?rest_route=%2Fwp%2Fv2%2Fcategories&post=5404"},{"taxonomy":"post_tag","embeddable":true,"href":"https:\/\/news.digitaltv.com.ar\/index.php?rest_route=%2Fwp%2Fv2%2Ftags&post=5404"}],"curies":[{"name":"wp","href":"https:\/\/api.w.org\/{rel}","templated":true}]}}