{"id":5407,"date":"2022-09-30T09:02:44","date_gmt":"2022-09-30T12:02:44","guid":{"rendered":"https:\/\/news.digitaltv.com.ar\/?p=5407"},"modified":"2022-09-30T09:03:13","modified_gmt":"2022-09-30T12:03:13","slug":"mazza-lla-de-pablo","status":"publish","type":"post","link":"https:\/\/news.digitaltv.com.ar\/?p=5407","title":{"rendered":"MAZZA LL\u00c1 DE PABLO"},"content":{"rendered":"\n<p><em>Gustavo Raggio no hizo f\u00fatbol formal en la pr\u00e1ctica de este jueves por la tarde desarrollada en el Miguel Morales, y as\u00ed, el \u00fanico indicio para el once de Douglas que el domingo a las 16 horas recibir\u00e1 a Defensores de Villa Ramallo ser\u00e1 la vuelta del capit\u00e1n, que cumpli\u00f3 la fecha de suspensi\u00f3n por 5 amarillas. El rojinegro llev\u00f3 un ejercicio t\u00e1ctico, con jugadores mezclados, varios equipos y presencia de juveniles de inferiores. S\u00ed es un hecho que Caballuci no estar\u00e1 en los convocados al no recuperarse a\u00fan del desgarro, igual que Siergiejuk, quien ya tiene el alta m\u00e9dica.<\/em><\/p>\n\n\n\n<p>Se viene Defensores de Villa Ramallo el pr\u00f3ximo domingo a las 16 horas, y es la oportunidad propicia en Douglas para volver a sumar de a tres y de esa manera sellar no s\u00f3lo la clasificaci\u00f3n a la siguiente instancia del Federal A, sino adem\u00e1s quedarse definitivamente con el sexto puesto con la mente en los play off.<\/p>\n\n\n\n<p>Sin embargo, de cara al match con el \u201cGranate\u201d, el entrenador rojinegro, Gustavo Raggio, no dio indicio alguno de los once que saldr\u00e1n al terreno frente a los de C\u00e9sar Vaioli, aunque la \u00fanica certeza es que regresar\u00e1 su capit\u00e1n, Pablo Mazza, quien cumpli\u00f3 la suspensi\u00f3n por cinco amarillas que le priv\u00f3 enfrentarse a Sarmiento de Resistencia.<\/p>\n\n\n\n<p>Del resto, no hubo pistas en la pr\u00e1ctica de este jueves por la tarde, ya que el trabajo elegido por el cuerpo t\u00e9cnico fue t\u00e1ctico en espacios reducidos, en el que todos los players del plantel formaron mezclados, con varios elencos en modo rotaci\u00f3n, y muchos juveniles de las divisiones inferiores, que fueron invitados a participar de la sesi\u00f3n.<\/p>\n\n\n\n<p>Lo que s\u00ed es una confirmaci\u00f3n es que Rodrigo Caballuci no se recuper\u00f3 totalmente de su desgarro y por ese motivo el ex DT de Sportivo Las Parejas lo resguardar\u00e1 pensando en los \u00faltimos compromisos de la fase regular.<\/p>\n\n\n\n<p>Igual suerte corre Mauro Siergiejuk, con el alta m\u00e9dica tras la rotura del tend\u00f3n de Aquiles y sobre todo la ilusi\u00f3n de retorno a cuestas, pero \u201cCarozo\u201d prefiere que el delantero optimice su puesta a punto antes de la vuelta.<\/p>\n\n\n\n<p>El \u201cMilan de Pergamino\u201d continuar\u00e1 con los preparativos con vistas al choque con los de la liga de San Nicol\u00e1s, el viernes en horario matutino, donde el coach ultimar\u00e1 detalles para el cotejo del fin de semana, que ser\u00e1 arbitrado por Joaqu\u00edn Gil, de San Pedro.<\/p>\n","protected":false},"excerpt":{"rendered":"<p>Gustavo Raggio no hizo f\u00fatbol formal en la pr\u00e1ctica de este jueves por la tarde desarrollada en el Miguel Morales, y as\u00ed, el \u00fanico indicio para el once de Douglas que el domingo a las 16 horas recibir\u00e1 a Defensores de Villa Ramallo ser\u00e1 la vuelta del capit\u00e1n, que cumpli\u00f3 la fecha de suspensi\u00f3n por [&hellip;]<\/p>\n","protected":false},"author":1,"featured_media":5408,"comment_status":"open","ping_status":"open","sticky":false,"template":"","format":"standard","meta":{"_monsterinsights_skip_tracking":false,"_monsterinsights_sitenote_active":false,"_monsterinsights_sitenote_note":"","_monsterinsights_sitenote_category":0,"footnotes":""},"categories":[7],"tags":[170],"class_list":["post-5407","post","type-post","status-publish","format-standard","has-post-thumbnail","hentry","category-deportes","tag-170"],"_links":{"self":[{"href":"https:\/\/news.digitaltv.com.ar\/index.php?rest_route=\/wp\/v2\/posts\/5407","targetHints":{"allow":["GET"]}}],"collection":[{"href":"https:\/\/news.digitaltv.com.ar\/index.php?rest_route=\/wp\/v2\/posts"}],"about":[{"href":"https:\/\/news.digitaltv.com.ar\/index.php?rest_route=\/wp\/v2\/types\/post"}],"author":[{"embeddable":true,"href":"https:\/\/news.digitaltv.com.ar\/index.php?rest_route=\/wp\/v2\/users\/1"}],"replies":[{"embeddable":true,"href":"https:\/\/news.digitaltv.com.ar\/index.php?rest_route=%2Fwp%2Fv2%2Fcomments&post=5407"}],"version-history":[{"count":1,"href":"https:\/\/news.digitaltv.com.ar\/index.php?rest_route=\/wp\/v2\/posts\/5407\/revisions"}],"predecessor-version":[{"id":5409,"href":"https:\/\/news.digitaltv.com.ar\/index.php?rest_route=\/wp\/v2\/posts\/5407\/revisions\/5409"}],"wp:featuredmedia":[{"embeddable":true,"href":"https:\/\/news.digitaltv.com.ar\/index.php?rest_route=\/wp\/v2\/media\/5408"}],"wp:attachment":[{"href":"https:\/\/news.digitaltv.com.ar\/index.php?rest_route=%2Fwp%2Fv2%2Fmedia&parent=5407"}],"wp:term":[{"taxonomy":"category","embeddable":true,"href":"https:\/\/news.digitaltv.com.ar\/index.php?rest_route=%2Fwp%2Fv2%2Fcategories&post=5407"},{"taxonomy":"post_tag","embeddable":true,"href":"https:\/\/news.digitaltv.com.ar\/index.php?rest_route=%2Fwp%2Fv2%2Ftags&post=5407"}],"curies":[{"name":"wp","href":"https:\/\/api.w.org\/{rel}","templated":true}]}}