{"id":545,"date":"2022-03-08T10:30:00","date_gmt":"2022-03-08T13:30:00","guid":{"rendered":"https:\/\/wp.digitaltv.com.ar\/?p=545"},"modified":"2022-03-10T19:23:12","modified_gmt":"2022-03-10T22:23:12","slug":"javier-martinez-resalto-que-estamos-en-una-zona-que-viene-potenciandose-con-mucha-fortaleza","status":"publish","type":"post","link":"https:\/\/news.digitaltv.com.ar\/?p=545","title":{"rendered":"Javier Martinez resalt\u00f3 que \u201cestamos en una zona que viene potenci\u00e1ndose con mucha fortaleza\u201d"},"content":{"rendered":"\n<p><strong>El intendente Javier Mart\u00ednez dialog\u00f3 con Toma Mate FM 105.1<\/strong>, repas\u00f3&nbsp; obras y la instalaci\u00f3n de nuevas empresas.&nbsp;<\/p>\n\n\n\n<p>Al abrir el inicio de las sesiones ordinarias del concejo deliberante el propio Mart\u00ednez mencion\u00f3 el arribo de nuevas empresas \u201cEs una zona que viene potenci\u00e1ndose con mucha fortaleza, quiz\u00e1s hay una gran vinculaci\u00f3n por la agroindustria aunque la industria textil tambi\u00e9n viene pidiendo una mayor capacidad, por eso los diez lotes de la ampliaci\u00f3n del parque industrial\u201d.<\/p>\n\n\n\n<p>Con respecto a esto agreg\u00f3 \u201cEs una ampliaci\u00f3n primera, hay un pedido muy interesante de industrias de radicaci\u00f3n,&nbsp; una textil est\u00e1 pensando hacer otra rama productiva y por eso pidi\u00f3 esa ala del parque, lo mismo para una industria dedicada a la iluminaci\u00f3n, notamos quienes consultan y quienes tienen la decisi\u00f3n de instalarse en la ciudad, dos lotes ya est\u00e1n en proceso licitatorios, los ochos restantes seguro sean para el segundo semestre\u201d.<\/p>\n\n\n\n<p>YPF Agro ser\u00e1 una de la que arribar\u00e1&nbsp; \u201cinstalar\u00e1 uno de los n\u00f3dulos, ser\u00e1 en un predio que adquirieron pegado a la autopista, tiene que ver con pensar a Pergamino muy cerca de Buenos Aires\u201d.<\/p>\n\n\n\n<p>En cuanto a obras remarc\u00f3 la uni\u00f3n del parque Belgrano con el paseo ribere\u00f1o \u201cestamos terminando los galpones gastron\u00f3micos, tenemos el presupuesto para hacer la uni\u00f3n hasta el arroyo, vamos a hacer un complejo <strong>Altos de Rocha<\/strong>, para que exista una gastronom\u00eda m\u00f3vil con mesas m\u00f3viles y puedan disfrutar de un sector muy lindo de la ciudad\u201d.<\/p>\n\n\n\n<p>Las obras son uno de los puntos m\u00e1s fuerte de su gesti\u00f3n \u201cnotamos que el vecino lo valora\u201d.<\/p>\n","protected":false},"excerpt":{"rendered":"<p>El intendente Javier Mart\u00ednez dialog\u00f3 con Toma Mate FM 105.1, repas\u00f3&nbsp; obras y la instalaci\u00f3n de nuevas empresas.&nbsp; Al abrir el inicio de las sesiones ordinarias del concejo deliberante el propio Mart\u00ednez mencion\u00f3 el arribo de nuevas empresas \u201cEs una zona que viene potenci\u00e1ndose con mucha fortaleza, quiz\u00e1s hay una gran vinculaci\u00f3n por la agroindustria [&hellip;]<\/p>\n","protected":false},"author":2,"featured_media":559,"comment_status":"open","ping_status":"open","sticky":false,"template":"","format":"standard","meta":{"_monsterinsights_skip_tracking":false,"_monsterinsights_sitenote_active":false,"_monsterinsights_sitenote_note":"","_monsterinsights_sitenote_category":0,"footnotes":""},"categories":[152],"tags":[159],"class_list":["post-545","post","type-post","status-publish","format-standard","has-post-thumbnail","hentry","category-pergamino","tag-159"],"_links":{"self":[{"href":"https:\/\/news.digitaltv.com.ar\/index.php?rest_route=\/wp\/v2\/posts\/545","targetHints":{"allow":["GET"]}}],"collection":[{"href":"https:\/\/news.digitaltv.com.ar\/index.php?rest_route=\/wp\/v2\/posts"}],"about":[{"href":"https:\/\/news.digitaltv.com.ar\/index.php?rest_route=\/wp\/v2\/types\/post"}],"author":[{"embeddable":true,"href":"https:\/\/news.digitaltv.com.ar\/index.php?rest_route=\/wp\/v2\/users\/2"}],"replies":[{"embeddable":true,"href":"https:\/\/news.digitaltv.com.ar\/index.php?rest_route=%2Fwp%2Fv2%2Fcomments&post=545"}],"version-history":[{"count":1,"href":"https:\/\/news.digitaltv.com.ar\/index.php?rest_route=\/wp\/v2\/posts\/545\/revisions"}],"predecessor-version":[{"id":547,"href":"https:\/\/news.digitaltv.com.ar\/index.php?rest_route=\/wp\/v2\/posts\/545\/revisions\/547"}],"wp:featuredmedia":[{"embeddable":true,"href":"https:\/\/news.digitaltv.com.ar\/index.php?rest_route=\/wp\/v2\/media\/559"}],"wp:attachment":[{"href":"https:\/\/news.digitaltv.com.ar\/index.php?rest_route=%2Fwp%2Fv2%2Fmedia&parent=545"}],"wp:term":[{"taxonomy":"category","embeddable":true,"href":"https:\/\/news.digitaltv.com.ar\/index.php?rest_route=%2Fwp%2Fv2%2Fcategories&post=545"},{"taxonomy":"post_tag","embeddable":true,"href":"https:\/\/news.digitaltv.com.ar\/index.php?rest_route=%2Fwp%2Fv2%2Ftags&post=545"}],"curies":[{"name":"wp","href":"https:\/\/api.w.org\/{rel}","templated":true}]}}