{"id":5453,"date":"2022-10-02T10:11:04","date_gmt":"2022-10-02T13:11:04","guid":{"rendered":"https:\/\/news.digitaltv.com.ar\/?p=5453"},"modified":"2022-10-02T10:18:18","modified_gmt":"2022-10-02T13:18:18","slug":"los-martin-fierro-de-radio-se-ponen-a-dia-y-coronan-a-dolina-lalo-mir-y-guido-kaczca","status":"publish","type":"post","link":"https:\/\/news.digitaltv.com.ar\/?p=5453","title":{"rendered":"LOS MARTIN FIERRO DE RADIO SE PONEN A D\u00cdA Y CORONAN A DOLINA, LALO MIR Y GUIDO KACZCA"},"content":{"rendered":"\n<p>La gala de premiaci\u00f3n de los Mart\u00edn Fierro a la radio volvi\u00f3 a realizarse anoche de manera presencial tras el parate por la pandemia de coronavirus con una ceremonia realizada en el Golden Center de Parque Norte, y se puso al d\u00eda al entregar las estatuilla correspondientes a 2019, 2020 y 2021.<\/p>\n\n\n\n<p>En tal sentido, Guido Kaczka se llev\u00f3 el Mart\u00edn Fierro de Oro correspondiente a 2019, Alejandro Dolina el de la temporada 2020 y Lalo Mir se consagr\u00f3 con al premio mayor de 2021<\/p>\n\n\n\n<p>La ceremonia, transmitida por la se\u00f1al televisiva IP, cont\u00f3 con varios conductores, entre ellos, Tet\u00e9 Coustarot, Nara Ferragut, Nicol\u00e1s Artusi, P\u00eda Splaska y Maxi Legnani, y unific\u00f3 muchos de los premios para poder reconocer la labor en los a\u00f1os en los que no hubo celebraci\u00f3n por la pandemia.<\/p>\n\n\n\n<p>La siguiente es la lista completa de los premiados:<\/p>\n\n\n\n<p>Mart\u00edn Fierro de Oro 2019: Guido Kaczka<\/p>\n\n\n\n<p>Mart\u00edn Fierro de Oro 2020: Alejandro Dolina<\/p>\n\n\n\n<p>Mart\u00edn Fierro de Oro 2021: Lalo Mir<\/p>\n\n\n\n<p>-Premios correspondientes a la temporada 2019 &#8211;<\/p>\n\n\n\n<p>Servicio informativo: Servicio informativo (CNN)<\/p>\n\n\n\n<p>Mejor comentarista deportivo: Daniel Cacioli (Del Plata)<\/p>\n\n\n\n<p>Labor en locuci\u00f3n: Luis Albornoz (La Red)<\/p>\n\n\n\n<p>Inter\u00e9s general semanal: Qu\u00e9 noche Tet\u00e9 (Tete Coustarot &#8211; Radio 10)<\/p>\n\n\n\n<p>Programa musical: Cl\u00e1sico de cl\u00e1sicos (Eduardo de la Puente- Rock &amp; Pop)<\/p>\n\n\n\n<p>Period\u00edstico semanal: El gato escaldado (Am 750)<\/p>\n\n\n\n<p>Mejor relator deportivo: Walter Nelson (La Red)<\/p>\n\n\n\n<p>Labor period\u00edstica deportiva: Sergio Altieri (La Garc\u00eda &#8211; Am 750)<\/p>\n\n\n\n<p>Labor period\u00edstica: Jorge Lanata (Lanata sin filtro &#8211; Mitre)<\/p>\n\n\n\n<p>Inter\u00e9s general diario de radio: El club del Moro (Santiago Del Moro \u2013 La 100)<\/p>\n\n\n\n<p>Labor humor\u00edstica: Ariel Tarico (Cr\u00f3nica de una tarde anunciada \u2013 Rivadavia)<\/p>\n\n\n\n<p>Labor en conducci\u00f3n: Guido Kaczka (No est\u00e1 todo dicho \u2013 La 100)<\/p>\n\n\n\n<p>Period\u00edstico diario vespertino \/ nocturno: Atardecer de un d\u00eda agitado (Sergio Lapeg\u00fce-La 100)<\/p>\n\n\n\n<p>Period\u00edstico matutino de primera ma\u00f1ana: \u00bfY ahora qui\u00e9n podr\u00e1 ayudarnos? (Ernesto Tenembaum- Radio Con Vos)<\/p>\n\n\n\n<p>Period\u00edstico matutino de segunda ma\u00f1ana: La s\u00faper ma\u00f1ana de Chiche (Chiche Gelblung \u2013 Rivadavia)<\/p>\n\n\n\n<p>-Premios correspondientes a la temporada 2020 &#8211;<\/p>\n\n\n\n<p>Programa musical: Canciones son amores (Nora Perl\u00e9 \u2013 Mitre)<\/p>\n\n\n\n<p>Labor period\u00edstica deportiva: Gustavo Grabia (Y ahora qui\u00e9n podr\u00e1 ayudarnos \u2013 Radio Con Vos)<\/p>\n\n\n\n<p>Labor en locuci\u00f3n: Fernanda Carbonell (La 100)<\/p>\n\n\n\n<p>Labor period\u00edstica: Nelson Castro (Cr\u00f3nica de una tarde anunciada \u2013 Rivadavia)<\/p>\n\n\n\n<p>Inter\u00e9s general semanal: Mancini 910 (Fernando Mancini \u2013 La Red)<\/p>\n\n\n\n<p>Mejor comentarista deportivo: Gustavo Lombardi (Mitre)<\/p>\n\n\n\n<p>Period\u00edstico semanal: Aire de noticias (Sandra Borghi y Gonzalo Aziz \u2013 Mitre)<\/p>\n\n\n\n<p>Servicio informativo: Rotativo del aire (Rivadavia)<\/p>\n\n\n\n<p>Inter\u00e9s general diario de radio: La venganza ser\u00e1 terrible (Alejandro Dolina \u2013 Am 750)<\/p>\n\n\n\n<p>Mejor relator deportivo: Leo Gabes (Continental)<\/p>\n\n\n\n<p>Period\u00edstico matutino de primera ma\u00f1ana: Las tapas de Pancho (Pancho Mu\u00f1oz &#8211; Am 750)<\/p>\n\n\n\n<p>Programa deportivo: Ac\u00e1 hay buen f\u00fatbol (Fernando Mancini- La Red)<\/p>\n\n\n\n<p>Period\u00edstico diario vespertino \/ nocturno: Bravo continental (Fernando Bravo &#8211; Continental)<\/p>\n\n\n\n<p>Labor en conducci\u00f3n: Alejandro Dolina (La venganza ser\u00e1 terrible -Am 750)<\/p>\n\n\n\n<p>Period\u00edstico matutino de segunda ma\u00f1ana: Lanata sin filtro (Jorge Lanata &#8211; Mitre)<\/p>\n\n\n\n<ul class=\"wp-block-list\"><li>Premios correspondientes a la temporada 2021-<\/li><\/ul>\n\n\n\n<p>Labor period\u00edstica: Cynthia Garc\u00eda (La Garc\u00eda \u2013 Am750)<\/p>\n\n\n\n<p>Mejor relator deportivo: Gabriel Anello (Mitre)<\/p>\n\n\n\n<p>Programa musical: Eternamente Beatles (Mart\u00edn Arag\u00f3n &#8211; Del Plata)<\/p>\n\n\n\n<p>Labor period\u00edstica deportiva: Gustavo L\u00f3pez (Un buen momento \u2013 La Red)<\/p>\n\n\n\n<p>Labor en locuci\u00f3n: Lalo Mir (Radio Nacional)<\/p>\n\n\n\n<p>Inter\u00e9s general semanal: Dicen que dicen (Alberto Lotuf \u2013 Radio Con Vos)<\/p>\n\n\n\n<p>Mejor comentarista deportivo: Gustavo L\u00f3pez (La Red)<\/p>\n\n\n\n<p>Period\u00edstico semanal: Todo con afecto (Alejandro Apo \u2013 Nacional)<\/p>\n\n\n\n<p>Period\u00edstico matutino de segunda ma\u00f1ana: Perros de la calle (Andy Kusnetzoff \u2013 Urbana)<\/p>\n\n\n\n<p>Servicio informativo: Informativo Am 750<\/p>\n\n\n\n<p>Inter\u00e9s general diario de radio: Detr\u00e1s de lo que vemos (Claudio Villarruel &#8211; Am 990)<\/p>\n\n\n\n<p>Labor en conducci\u00f3n: Pepe Gil Vidal (Caf\u00e9 con Pepe &#8211; CNN Radio)<\/p>\n\n\n\n<p>Period\u00edstico matutino de primera ma\u00f1ana: La Garc\u00eda (Cynthia Garc\u00eda &#8211; Am 750)<\/p>\n\n\n\n<p>Period\u00edstico diario vespertino \/ nocturno: Pan y circo (Jonatan Viale &#8211; Rivadavia)<\/p>\n\n\n\n<p>Premios unificados:<\/p>\n\n\n\n<p>Labor en operaci\u00f3n: Rub\u00e9n \u201cCacha\u201d Paredes (Novaresio 910 &#8211; La Red)<\/p>\n\n\n\n<p>Mejor labor en musicalizaci\u00f3n: Cristian Raimundi (Fm Blackie)<\/p>\n\n\n\n<p>Programa cultural \/ educativo: Historia de nuestra historia (Felipe Pigna \u2013 Nacional)<\/p>\n\n\n\n<p>Movilero: Alan Longy (Am 750)<\/p>\n\n\n\n<p>Labor en producci\u00f3n: Emanuel Herrera (La Garc\u00eda &#8211; Am 750).<\/p>\n","protected":false},"excerpt":{"rendered":"<p>La gala de premiaci\u00f3n de los Mart\u00edn Fierro a la radio volvi\u00f3 a realizarse anoche de manera presencial tras el parate por la pandemia de coronavirus con una ceremonia realizada en el Golden Center de Parque Norte, y se puso al d\u00eda al entregar las estatuilla correspondientes a 2019, 2020 y 2021. En tal sentido, [&hellip;]<\/p>\n","protected":false},"author":1,"featured_media":5454,"comment_status":"open","ping_status":"open","sticky":false,"template":"","format":"standard","meta":{"_monsterinsights_skip_tracking":false,"_monsterinsights_sitenote_active":false,"_monsterinsights_sitenote_note":"","_monsterinsights_sitenote_category":0,"footnotes":""},"categories":[2],"tags":[171],"class_list":["post-5453","post","type-post","status-publish","format-standard","has-post-thumbnail","hentry","category-espectaculos","tag-171"],"_links":{"self":[{"href":"https:\/\/news.digitaltv.com.ar\/index.php?rest_route=\/wp\/v2\/posts\/5453","targetHints":{"allow":["GET"]}}],"collection":[{"href":"https:\/\/news.digitaltv.com.ar\/index.php?rest_route=\/wp\/v2\/posts"}],"about":[{"href":"https:\/\/news.digitaltv.com.ar\/index.php?rest_route=\/wp\/v2\/types\/post"}],"author":[{"embeddable":true,"href":"https:\/\/news.digitaltv.com.ar\/index.php?rest_route=\/wp\/v2\/users\/1"}],"replies":[{"embeddable":true,"href":"https:\/\/news.digitaltv.com.ar\/index.php?rest_route=%2Fwp%2Fv2%2Fcomments&post=5453"}],"version-history":[{"count":1,"href":"https:\/\/news.digitaltv.com.ar\/index.php?rest_route=\/wp\/v2\/posts\/5453\/revisions"}],"predecessor-version":[{"id":5455,"href":"https:\/\/news.digitaltv.com.ar\/index.php?rest_route=\/wp\/v2\/posts\/5453\/revisions\/5455"}],"wp:featuredmedia":[{"embeddable":true,"href":"https:\/\/news.digitaltv.com.ar\/index.php?rest_route=\/wp\/v2\/media\/5454"}],"wp:attachment":[{"href":"https:\/\/news.digitaltv.com.ar\/index.php?rest_route=%2Fwp%2Fv2%2Fmedia&parent=5453"}],"wp:term":[{"taxonomy":"category","embeddable":true,"href":"https:\/\/news.digitaltv.com.ar\/index.php?rest_route=%2Fwp%2Fv2%2Fcategories&post=5453"},{"taxonomy":"post_tag","embeddable":true,"href":"https:\/\/news.digitaltv.com.ar\/index.php?rest_route=%2Fwp%2Fv2%2Ftags&post=5453"}],"curies":[{"name":"wp","href":"https:\/\/api.w.org\/{rel}","templated":true}]}}