{"id":553,"date":"2022-03-07T22:08:23","date_gmt":"2022-03-08T01:08:23","guid":{"rendered":"https:\/\/wp.digitaltv.com.ar\/?p=553"},"modified":"2022-03-08T10:44:55","modified_gmt":"2022-03-08T13:44:55","slug":"553","status":"publish","type":"post","link":"https:\/\/news.digitaltv.com.ar\/?p=553","title":{"rendered":"Capricho"},"content":{"rendered":"\n<p>Por Fernando Antu\u00f1a <\/p>\n\n\n\n<p><em>Un&nbsp;capricho es una&nbsp;<a href=\"https:\/\/es.wikipedia.org\/wiki\/Idea\">idea<\/a>&nbsp;o prop\u00f3sito que uno forma arbitrariamente, fuera de las reglas ordinarias y comunes, sin raz\u00f3n. Como acto ps\u00edquico, es un acto de la&nbsp;<a href=\"https:\/\/es.wikipedia.org\/wiki\/Voluntad\">voluntad<\/a>&nbsp;imperfecto.<\/em><\/p>\n\n\n\n<p><em>Las personas caprichosas se definen como aquellas que reclaman que sus deseos sean satisfechos de inmediato, con independencia de la necesidad o utilidad de los mismos, que con frecuencia suele ser escasa o nula.<\/em><\/p>\n\n\n\n<p>Hace menos de una semana dos sucesos, en el mismo lugar, impactaron en la pol\u00edtica nacional.<\/p>\n\n\n\n<p>El presidente Alberto Fern\u00e1ndez abri\u00f3 las sesiones ordinarias en el Congreso Nacional, como lo suelen hacer los mandatarios cada 1 de marzo. En un momento del discurso, que era monitoreado en silencio por los presentes, cuando el Jefe de Estado hizo alusi\u00f3n a la deuda contra\u00edda por su antecesor Mauricio Macri, la bancada de Juntos por el Cambio: l\u00e9ase, parte del larretismo y macrismo, salieron eyectados de sus bancas, como muestra de enojo y disconformidad. Primera foto para analizar<\/p>\n\n\n\n<p>Por otra parte, quien tambi\u00e9n demostr\u00f3 su descontento ante el Presidente, y tambi\u00e9n dejando un claro mensaje de diferencias en la coalici\u00f3n gobernante, fue la silla vac\u00eda del referente de la C\u00e1mpora, M\u00e1ximo Kirchner, quien acus\u00f3 razones personales por el faltazo. Segunda foto para analizar. &nbsp;&nbsp;<\/p>\n\n\n\n<p>Todo hecho es pol\u00edtico, acu\u00f1a una frase. Seguramente ambos comportamientos tienen diferentes lecturas seg\u00fan los \u00e1ngulos en lo que se los aborde. Habr\u00e1 quienes lo justifiquen y quienes los aborrezcan, porque siempre termina en el hueco anal\u00edtico de la grieta.<\/p>\n\n\n\n<p>Ahora \u00bfqu\u00e9 pasar\u00eda si todos actu\u00e1ramos de \u201cmanera caprichosa\u201d, como lo han hecho estos legisladores? \u00bfSe imaginan una anestesista en el medio de una intervenci\u00f3n quir\u00fargica abandonado su puesto de trabajo porque no se lleva mal con el cirujano a cargo? \u00bfO un piloto de avi\u00f3n desoyendo las \u00f3rdenes de la torre de control porque tiene diferencias con el operador de vuelo? Sin ir a extremos tan exagerados, \u00bfpodr\u00eda cada uno en su \u00e1mbito laboral no asistir al trabajo porque le cae mal su jefe, o cuando \u00e9ste da una orden que no nos gusta dar media vuelta y marcharnos? \u00bfEs posible realizar estas acciones sin consecuencia?<\/p>\n\n\n\n<p>\u00bfPor qu\u00e9 la \u201ccasta pol\u00edtica\u201d se enoja cuando aparecen los \u201cmilei\u201d, o las acciones de los \u201cmaratea\u201d?, cabe aclarar que la \u201cfarandulizaci\u00f3n\u201d de la pol\u00edtica no solamente le cabe a la d\u00e9cada menemista; de esa \u00e9poca hacia aqu\u00ed podemos contar un sinn\u00famero de \u201coutsider\u201d que ponen nerviosos, en muchos casos, a los \u201cid\u00f3neos\u201d.&nbsp;<\/p>\n\n\n\n<p>Hay que exigir m\u00e1s a quienes nos representan. \u00bfAcaso, quiz\u00e1s, debi\u00e9ramos involucrarnos m\u00e1s como ciudadanos? \u00bfNuestra responsabilidad es solo al momento de emitir el voto, como un acto simple administrativo? \u00bfCu\u00e1les son las consecuencias para un legislador que no asiste a una apertura de sesi\u00f3n de su \u201cjefe pol\u00edtico\u201d, entre comillas, o para parte de un bloque que abandona su puesto trabajo?<\/p>\n\n\n\n<p>De hecho est\u00e1n ocupando sus bancas por elecci\u00f3n y no por capricho. <\/p>\n","protected":false},"excerpt":{"rendered":"<p>Por Fernando Antu\u00f1a Un&nbsp;capricho es una&nbsp;idea&nbsp;o prop\u00f3sito que uno forma arbitrariamente, fuera de las reglas ordinarias y comunes, sin raz\u00f3n. Como acto ps\u00edquico, es un acto de la&nbsp;voluntad&nbsp;imperfecto. Las personas caprichosas se definen como aquellas que reclaman que sus deseos sean satisfechos de inmediato, con independencia de la necesidad o utilidad de los mismos, que [&hellip;]<\/p>\n","protected":false},"author":3,"featured_media":554,"comment_status":"open","ping_status":"open","sticky":false,"template":"","format":"standard","meta":{"_monsterinsights_skip_tracking":false,"_monsterinsights_sitenote_active":false,"_monsterinsights_sitenote_note":"","_monsterinsights_sitenote_category":0,"footnotes":""},"categories":[6],"tags":[158],"class_list":["post-553","post","type-post","status-publish","format-standard","has-post-thumbnail","hentry","category-politica","tag-158"],"_links":{"self":[{"href":"https:\/\/news.digitaltv.com.ar\/index.php?rest_route=\/wp\/v2\/posts\/553","targetHints":{"allow":["GET"]}}],"collection":[{"href":"https:\/\/news.digitaltv.com.ar\/index.php?rest_route=\/wp\/v2\/posts"}],"about":[{"href":"https:\/\/news.digitaltv.com.ar\/index.php?rest_route=\/wp\/v2\/types\/post"}],"author":[{"embeddable":true,"href":"https:\/\/news.digitaltv.com.ar\/index.php?rest_route=\/wp\/v2\/users\/3"}],"replies":[{"embeddable":true,"href":"https:\/\/news.digitaltv.com.ar\/index.php?rest_route=%2Fwp%2Fv2%2Fcomments&post=553"}],"version-history":[{"count":2,"href":"https:\/\/news.digitaltv.com.ar\/index.php?rest_route=\/wp\/v2\/posts\/553\/revisions"}],"predecessor-version":[{"id":556,"href":"https:\/\/news.digitaltv.com.ar\/index.php?rest_route=\/wp\/v2\/posts\/553\/revisions\/556"}],"wp:featuredmedia":[{"embeddable":true,"href":"https:\/\/news.digitaltv.com.ar\/index.php?rest_route=\/wp\/v2\/media\/554"}],"wp:attachment":[{"href":"https:\/\/news.digitaltv.com.ar\/index.php?rest_route=%2Fwp%2Fv2%2Fmedia&parent=553"}],"wp:term":[{"taxonomy":"category","embeddable":true,"href":"https:\/\/news.digitaltv.com.ar\/index.php?rest_route=%2Fwp%2Fv2%2Fcategories&post=553"},{"taxonomy":"post_tag","embeddable":true,"href":"https:\/\/news.digitaltv.com.ar\/index.php?rest_route=%2Fwp%2Fv2%2Ftags&post=553"}],"curies":[{"name":"wp","href":"https:\/\/api.w.org\/{rel}","templated":true}]}}