{"id":5531,"date":"2022-10-05T11:59:30","date_gmt":"2022-10-05T14:59:30","guid":{"rendered":"https:\/\/news.digitaltv.com.ar\/?p=5531"},"modified":"2022-10-05T12:00:19","modified_gmt":"2022-10-05T15:00:19","slug":"estamos-en-juvenud-y-tenemos-que-ir-por-todo","status":"publish","type":"post","link":"https:\/\/news.digitaltv.com.ar\/?p=5531","title":{"rendered":"\u201cESTAMOS EN JUVENUD Y TENEMOS QUE IR POR TODO&#8221;"},"content":{"rendered":"\n<p><em>El ayudante de campo del celeste, Cristian Simo, dialog\u00f3 con La Gloria o Devoto luego de quedarse con su zona del Extra del torneo local, y mostr\u00f3 su alegr\u00eda, aunque aclar\u00f3 que si bien ganaron todo lo que jugaron hasta aqu\u00ed, parad\u00f3jicamente todav\u00eda no se adjudicaron nada. Adem\u00e1s, explic\u00f3 el motivo de la ausencia de N\u00e9stor Octaviano en estas semanas, y de su preparaci\u00f3n de cara al Regional Amateur que arrancar\u00e1 pronto, y hasta dio en primicia 4 nuevos refuerzos, tales los casos de G\u00f3mez, los hermanos Sabedra-los 3 ex General Rojo-, y Toscano.<\/em><\/p>\n\n\n\n<p>Juventud gole\u00f3 5 a 1 a Argentino por la pen\u00faltima fecha de torneo Extra en la liga pergaminense, y se apoder\u00f3 de su zona: \u201cHasta ahora fue un a\u00f1o muy positivo y de lo deportivo algo positivo porque se lograron todos los objetivos con el cuerpo t\u00e9cnico\u201d, empez\u00f3 Cristian Simo, ayudante de campo del plantel, que aclar\u00f3 que si bien ganaron todo lo que se les present\u00f3, a la vez todav\u00eda no se adjudicaron el t\u00edtulo: \u201cS\u00ed, es la realidad, si ven los n\u00fameros son b\u00e1rbaros los que logr\u00f3 Juventud ganando el Apertura, ganar el Clausura de forma invicta y ahora tambi\u00e9n con resultados abultados en el Extra, pero a su vez no hemos ganado. Esta forma de torneo hace que en dos partidos que no te salgan las cosas haga que no te quedes con nada\u201d.<\/p>\n\n\n\n<p>Para el ex DT de Ocampo y Viajantes, reemplazar a Octaviano en estos encuentros es un desaf\u00edo especial: \u201cTiene un poco de las dos cosas, no sab\u00edamos lo de N\u00e9stor, se le present\u00f3 meses despu\u00e9s de estar juntos, no es complicado pero lleva tratamiento y recuperaci\u00f3n, me toc\u00f3 esa responsabilidad pero con un gran grupo de trabajo. Con ellos pudimos llevar adelante esto, pero gracias tambi\u00e9n a los jugadores que entendieron la situaci\u00f3n que pasamos, fueron llevaderos los entrenamientos y los partidos al mando del equipo\u201d, manifest\u00f3.<\/p>\n\n\n\n<p>El secreto de este momento de los de calle Pasaje Juramento es simple, seg\u00fan Simo: \u201cEn principio la idea era ser competitivos, mentalizarse de que estamos en un club como Juventud que tenemos que ir por todo, y tambi\u00e9n influye la capacidad y la inteligencia de los jugadores, en poco tiempo captaron la idea que quer\u00edamos, de presionar alto, ser protagonistas, tenemos un gran plantel, de lo f\u00edsico y de lo mental, se logr\u00f3 algo muy lindo hasta ac\u00e1\u201d, indic\u00f3, y sobre el andar arrollador, ampli\u00f3: \u201cEs una virtud, por eso trabajamos para eso, no es casualidad que los volantes y los defensores lleguen al gol, tambi\u00e9n los volantes centrales como Rubio, Bentos que llegaron al gol, Ramiro Jorge convirti\u00f3 varios goles, es un trabajo acumulado de todo, piensan constantemente en el \u00e1rea rival, por eso tantas situaciones\u201d.<\/p>\n\n\n\n<p>Sin embargo, las definiciones del certamen liguista se superponen con el comienzo del Regional Amateur: \u201cLa idea era llegar de la mejor manera para coincidir las finales del Extra con el inicio del torneo, nos agarra bien y sobre todo en cuanto a plantel estamos completos. En varias ocasiones en el Extra le dimos minutos a todos los jugadores y respondieron de la mejor manera, es bueno para nosotros y para el plantel para que se den cuenta que pensamos en todo y que todos tienen chances\u201d, se\u00f1al\u00f3 el joven adiestrador t\u00e1ctico, y en cuanto a la competencia nacional, expres\u00f3: \u201cTenemos que ser realistas, estamos enfocados en la liga pero tambi\u00e9n estamos viendo el sorteo y la zona de lo que nos toc\u00f3, estamos a 15 d\u00edas del arranque, sab\u00edamos que los Argentino iban a tocar en nuestra zona, nos toc\u00f3 Barracas, estamos analizando todo, a los equipos de Pergamino los conocemos un poco m\u00e1s. Tenemos la cabeza dividida en el torneo local y en el Regional\u201d.<\/p>\n\n\n\n<p>En el cierre, Cristian tir\u00f3 nombre de refuerzos, y fueron verdaderas primicias: \u201cEn principio se arreglaron con tres jugadores m\u00e1s, ya estaban Sant\u00e1ngelo, Mauri Fern\u00e1ndez, Tomas \u00c1lvarez y Franco Stella, se sum\u00f3 Altamirano y tres jugadores de General Rojo, Imanol G\u00f3mez, Riki Sabedra y Eugenio, el \u00b4ogro` Sabedra, que conocen la categor\u00eda. Es importante la llegada de ellos, ma\u00f1ana est\u00e1 acordada la llegada de Isa\u00edas Toscano, y se sumar\u00eda al plantel\u201d, concluy\u00f3.<\/p>\n","protected":false},"excerpt":{"rendered":"<p>El ayudante de campo del celeste, Cristian Simo, dialog\u00f3 con La Gloria o Devoto luego de quedarse con su zona del Extra del torneo local, y mostr\u00f3 su alegr\u00eda, aunque aclar\u00f3 que si bien ganaron todo lo que jugaron hasta aqu\u00ed, parad\u00f3jicamente todav\u00eda no se adjudicaron nada. Adem\u00e1s, explic\u00f3 el motivo de la ausencia de [&hellip;]<\/p>\n","protected":false},"author":1,"featured_media":5532,"comment_status":"open","ping_status":"open","sticky":false,"template":"","format":"standard","meta":{"_monsterinsights_skip_tracking":false,"_monsterinsights_sitenote_active":false,"_monsterinsights_sitenote_note":"","_monsterinsights_sitenote_category":0,"footnotes":""},"categories":[7,1],"tags":[170],"class_list":["post-5531","post","type-post","status-publish","format-standard","has-post-thumbnail","hentry","category-deportes","category-sin-categoria","tag-170"],"_links":{"self":[{"href":"https:\/\/news.digitaltv.com.ar\/index.php?rest_route=\/wp\/v2\/posts\/5531","targetHints":{"allow":["GET"]}}],"collection":[{"href":"https:\/\/news.digitaltv.com.ar\/index.php?rest_route=\/wp\/v2\/posts"}],"about":[{"href":"https:\/\/news.digitaltv.com.ar\/index.php?rest_route=\/wp\/v2\/types\/post"}],"author":[{"embeddable":true,"href":"https:\/\/news.digitaltv.com.ar\/index.php?rest_route=\/wp\/v2\/users\/1"}],"replies":[{"embeddable":true,"href":"https:\/\/news.digitaltv.com.ar\/index.php?rest_route=%2Fwp%2Fv2%2Fcomments&post=5531"}],"version-history":[{"count":1,"href":"https:\/\/news.digitaltv.com.ar\/index.php?rest_route=\/wp\/v2\/posts\/5531\/revisions"}],"predecessor-version":[{"id":5533,"href":"https:\/\/news.digitaltv.com.ar\/index.php?rest_route=\/wp\/v2\/posts\/5531\/revisions\/5533"}],"wp:featuredmedia":[{"embeddable":true,"href":"https:\/\/news.digitaltv.com.ar\/index.php?rest_route=\/wp\/v2\/media\/5532"}],"wp:attachment":[{"href":"https:\/\/news.digitaltv.com.ar\/index.php?rest_route=%2Fwp%2Fv2%2Fmedia&parent=5531"}],"wp:term":[{"taxonomy":"category","embeddable":true,"href":"https:\/\/news.digitaltv.com.ar\/index.php?rest_route=%2Fwp%2Fv2%2Fcategories&post=5531"},{"taxonomy":"post_tag","embeddable":true,"href":"https:\/\/news.digitaltv.com.ar\/index.php?rest_route=%2Fwp%2Fv2%2Ftags&post=5531"}],"curies":[{"name":"wp","href":"https:\/\/api.w.org\/{rel}","templated":true}]}}