{"id":5556,"date":"2022-10-06T21:18:56","date_gmt":"2022-10-07T00:18:56","guid":{"rendered":"https:\/\/news.digitaltv.com.ar\/?p=5556"},"modified":"2022-10-06T21:19:42","modified_gmt":"2022-10-07T00:19:42","slug":"muevo-yo-mauro","status":"publish","type":"post","link":"https:\/\/news.digitaltv.com.ar\/?p=5556","title":{"rendered":"MUEVO YO, MAURO"},"content":{"rendered":"\n<p><em>Douglas prepara su partido del domingo a las 18 horas ante Central Norte en Salta, y el hecho destacado es la vuelta de Siergiejuk a sumar minutos de f\u00fatbol, quien as\u00ed ya est\u00e1 en consideraci\u00f3n del cuerpo t\u00e9cnico. En el entrenamiento de este jueves por la ma\u00f1ana, Gustavo Raggio dispuso de un trabajo t\u00e1ctico, aunque con los int\u00e9rpretes mezclados y sin indicios de los once que se medir\u00e1n con el \u201cCuervo\u201d, y de esta forma todo se decidir\u00e1 en la pr\u00e1ctica del viernes, previo al viaje al norte del pa\u00eds, donde el \u201cMilan de Pergamino\u201d se enfrentar\u00e1n &nbsp;versus los de Cristian Zurita, match que contar\u00e1 con el arbitraje de Jonathan Correa, de C\u00f3rdoba.<\/em><\/p>\n\n\n\n<p>&nbsp;<\/p>\n\n\n\n<p>En la d\u00e9cada del \u00b480, en los inicios del novedoso ciclo televisivo \u201cF\u00fatbol de Primera\u201d, fue furor. El relator de entonces, Mauro Viale, antes del comienzo del partido m\u00e1s importante de la fecha, preguntaba al periodista en campo de juego: \u201c\u00bfQui\u00e9n mueve, Horacio (De Bonis)?\u201d, y la respuesta no tardaba en llegar desde el terreno con el jugador de turno: \u201cMuevo yo, Mauro\u2026\u201d, en un latiguillo que se transform\u00f3 en un cl\u00e1sico de aquella \u00e9poca.<\/p>\n\n\n\n<p>&nbsp;<\/p>\n\n\n\n<p>Hoy, m\u00e1s ac\u00e1 en el tiempo aquello coincide con Siergiejuk, delantero goleador de Douglas que en las primeras jornadas del actual campeonato sufri\u00f3 de las lesiones m\u00e1s arteras que puede sufrir un deportista, como es la rotura del tend\u00f3n de Aquiles.<\/p>\n\n\n\n<p>&nbsp;<\/p>\n\n\n\n<p>Sin embargo, con un trabajo excepcional de recuperaci\u00f3n f\u00edsica, pero sobre todo mental, el misionero de Leandro N. Alem super\u00f3 la afecci\u00f3n y a 4 meses y medio de la triste an\u00e9cdota, ya est\u00e1 para retornar al verde c\u00e9sped.<\/p>\n\n\n\n<p>&nbsp;<\/p>\n\n\n\n<p>M\u00e1s all\u00e1 que el plan del cuerpo t\u00e9cnico es que el goleador respete una cierta cantidad de entrenamientos futbol\u00edsticos, la idea de Gustavo Raggio y sus colaboradores es intentar devolverlo a las canchas en los pr\u00f3ximos compromisos que se le avecinan al rojinegro, y para ello en la pr\u00e1ctica de este jueves por la ma\u00f1ana estuvo presente en el laburo-adem\u00e1s sum\u00f3 minutos en el amistoso del mi\u00e9rcoles frente a Argentino- que el plantel llev\u00f3 a cabo preparando el encuentro del fin de semana en Salta ante Central Norte.<\/p>\n\n\n\n<p>&nbsp;<\/p>\n\n\n\n<p>Con respecto al elenco que se medir\u00e1 con los de Cristian Zurita, el ex DT de Sportivo Las Parejas no dio indicios de una probable alineaci\u00f3n, ya que, tal es su costumbre, no efectu\u00f3 un ensayo formal once contra once, y s\u00ed desarroll\u00f3 un t\u00e1ctico aunque con los players mezclados.<\/p>\n\n\n\n<p>&nbsp;<\/p>\n\n\n\n<p>Es decir, en un equipo estuvieron Carrera; Arias-juvenil-, L. L\u00f3pez, Valenzuela, Babero; E. L\u00f3pez, Gallucci Otero, Villagra; Mazza, Johansen y Pereyra, mientras que del otro lado se alistaron Beiro; G\u00f3mez, Bonello, Albornoz, Mauri; Seratto, De Gaetani, Sarmiento, Moreno; Siergiejuk y Cabral.<\/p>\n\n\n\n<p>&nbsp;<\/p>\n\n\n\n<p>Fuera del rect\u00e1ngulo se hallaron los averiados, Lucas Borba y Rodrigo Caballuci. El ex Bol\u00edvar entr\u00f3 en la \u00faltima etapa de la recuperaci\u00f3n de su desgarro, caso similar al zurdo mediocampista, por lo que ambos podr\u00e1n regresar en el siguiente match con San Mart\u00edn de Formosa.<\/p>\n\n\n\n<p>&nbsp;<\/p>\n\n\n\n<p>Los 18 viajeros, y seguramente tambi\u00e9n los titulares, se decidir\u00e1n en el entrenamiento del viernes, nuevamente en horario matutino, en el que \u201cCarozo\u201d pulir\u00e1 detalles con vistas al cotejo con el \u201cCuervo\u201d del domingo a las 18 horas, el cual arbitrar\u00e1 Jonathan Correa, de C\u00f3rdoba.<\/p>\n\n\n\n<p>&nbsp;<\/p>\n","protected":false},"excerpt":{"rendered":"<p>Douglas prepara su partido del domingo a las 18 horas ante Central Norte en Salta, y el hecho destacado es la vuelta de Siergiejuk a sumar minutos de f\u00fatbol, quien as\u00ed ya est\u00e1 en consideraci\u00f3n del cuerpo t\u00e9cnico. En el entrenamiento de este jueves por la ma\u00f1ana, Gustavo Raggio dispuso de un trabajo t\u00e1ctico, aunque [&hellip;]<\/p>\n","protected":false},"author":2,"featured_media":5555,"comment_status":"open","ping_status":"open","sticky":false,"template":"","format":"standard","meta":{"_monsterinsights_skip_tracking":false,"_monsterinsights_sitenote_active":false,"_monsterinsights_sitenote_note":"","_monsterinsights_sitenote_category":0,"footnotes":""},"categories":[7],"tags":[170],"class_list":["post-5556","post","type-post","status-publish","format-standard","has-post-thumbnail","hentry","category-deportes","tag-170"],"_links":{"self":[{"href":"https:\/\/news.digitaltv.com.ar\/index.php?rest_route=\/wp\/v2\/posts\/5556","targetHints":{"allow":["GET"]}}],"collection":[{"href":"https:\/\/news.digitaltv.com.ar\/index.php?rest_route=\/wp\/v2\/posts"}],"about":[{"href":"https:\/\/news.digitaltv.com.ar\/index.php?rest_route=\/wp\/v2\/types\/post"}],"author":[{"embeddable":true,"href":"https:\/\/news.digitaltv.com.ar\/index.php?rest_route=\/wp\/v2\/users\/2"}],"replies":[{"embeddable":true,"href":"https:\/\/news.digitaltv.com.ar\/index.php?rest_route=%2Fwp%2Fv2%2Fcomments&post=5556"}],"version-history":[{"count":1,"href":"https:\/\/news.digitaltv.com.ar\/index.php?rest_route=\/wp\/v2\/posts\/5556\/revisions"}],"predecessor-version":[{"id":5557,"href":"https:\/\/news.digitaltv.com.ar\/index.php?rest_route=\/wp\/v2\/posts\/5556\/revisions\/5557"}],"wp:featuredmedia":[{"embeddable":true,"href":"https:\/\/news.digitaltv.com.ar\/index.php?rest_route=\/wp\/v2\/media\/5555"}],"wp:attachment":[{"href":"https:\/\/news.digitaltv.com.ar\/index.php?rest_route=%2Fwp%2Fv2%2Fmedia&parent=5556"}],"wp:term":[{"taxonomy":"category","embeddable":true,"href":"https:\/\/news.digitaltv.com.ar\/index.php?rest_route=%2Fwp%2Fv2%2Fcategories&post=5556"},{"taxonomy":"post_tag","embeddable":true,"href":"https:\/\/news.digitaltv.com.ar\/index.php?rest_route=%2Fwp%2Fv2%2Ftags&post=5556"}],"curies":[{"name":"wp","href":"https:\/\/api.w.org\/{rel}","templated":true}]}}