{"id":5595,"date":"2022-10-09T10:40:24","date_gmt":"2022-10-09T13:40:24","guid":{"rendered":"https:\/\/news.digitaltv.com.ar\/?p=5595"},"modified":"2022-10-09T10:40:51","modified_gmt":"2022-10-09T13:40:51","slug":"no-hay-nada-que-nos-detenga","status":"publish","type":"post","link":"https:\/\/news.digitaltv.com.ar\/?p=5595","title":{"rendered":"&#8220;NO HAY NADA QUE NOS DETENGA&#8221;"},"content":{"rendered":"\n<p><em>El arquero de Central Norte, Fabricio Hass, pas\u00f3 por los micr\u00f3fonos de La Gloria o Devoto y dej\u00f3 en claro que m\u00e1s all\u00e1 de jugar ante Douglas el domingo a las 18 horas con los resultados puestos de la fecha, ello no gravitar\u00e1 en el objetivo de salir a ganar los tres puntos para quedarse con el tercer puesto de cara al play off. Adem\u00e1s, el \u201cFacha\u201d cont\u00f3 su salida de Col\u00f3n de Santa Fe, el lugar que encontr\u00f3 en el \u201cCuervo\u201d, y los vaivenes que tuvieron durante todo el torneo. Tambi\u00e9n, el santiague\u00f1o habl\u00f3 el choque frente al rojinegro, e imagin\u00f3 que ser\u00e1 de pocas situaciones.<\/em><\/p>\n\n\n\n<p>Fabricio Hass esper\u00f3 su oportunidad en el \u201cSabalero\u201d pero tom\u00f3 una decisi\u00f3n: \u201cMi estad\u00eda en Col\u00f3n y el motivo por el cual me fui libre no lo tengo claro, porque estuve 12 a\u00f1os y es injusto, lleg\u00f3 el momento que se va Leo Buri\u00e1n y llega otro arquero y sent\u00ed que hasta ac\u00e1 llegu\u00e9, que cumpl\u00ed muchos partidos y no quer\u00eda jugar ah\u00ed. Se busc\u00f3 un pr\u00e9stamo y la \u00fanica opci\u00f3n era irme libre y no lo dud\u00e9. Hoy gracias a Dios estoy en un hermoso club, contento porque vengo jugando todos los partidos y de buena manera\u201d, comenz\u00f3 la charla el arquero.<\/p>\n\n\n\n<p>El lugar que encontr\u00f3 el santiague\u00f1o fue Central Norte, y lo disfruta: \u201cEs el equipo m\u00e1s grande de Salta, tiene una concurrencia grande de local, es un arco hermoso que me toca defender, tiene mucha responsabilidad y m\u00e1s que nada hay que hacerse cargo, hay que tener personalidad para hacerlo de la mejor manera, siempre tengo el apoyo de la gente, es un arco lindo que me toca defender\u201d, manifest\u00f3, y al rato analiz\u00f3 la campa\u00f1a: \u201cCreo que mantuvimos el nivel durante la mayor\u00eda de los partidos, fuimos regulares jugando mejor o peor pero siempre tratamos de ser protagonista, tenemos un plantel con jerarqu\u00eda y conoce la categor\u00eda, eso ayuda al equipo y despu\u00e9s tuvimos claro el objetivo que era estar en el lote de arriba. Este fin de semana vamos a ir por ese partido que nos dejar\u00eda parados en la posici\u00f3n que buscamos.Desde el primer d\u00eda buscamos eso y estamos cerca de cumplirlo\u201d.<\/p>\n\n\n\n<p>El \u201cCuervo\u201d tuvo una regularidad durante todo el campeonato, m\u00e1s all\u00e1 del ida y vuelta en el funcionamiento: \u201cDesde el primer momento que est\u00e1bamos clasificados no nos relajamos, m\u00e1s que nada porque cuando jugamos de local con esa gente lo vamos a necesitar, vamos a ir en busca de ese lugar que tanto queremos\u201d, tir\u00f3 Hass, que justific\u00f3 la merma en el rendimiento: \u201cM\u00e1s que nada en la segunda ronda, se hace complicado<a><\/a> para todos porque se empiezan a jugar cosas y no hay local\u00eda que valga, cada uno se juega lo suyo y eso fue lo que nos complic\u00f3 en la segunda ronda. Hicimos una primera parte tremenda, terminamos segundos y es un poco eso, los rivales te conocen y se hace m\u00e1s dif\u00edcil\u201d.<\/p>\n\n\n\n<p>El domingo a las 18 horas los de Cristian Zurita se medir\u00e1n con Douglas, y el \u201cFacha\u201d lo palpita: \u201cDur\u00edsimo, un rival que intenta buen f\u00fatbol, que lo viene demostrando, demostr\u00f3 en Pergamino, ahora estamos de local y vamos a buscar ser protagonistas nosotros. Va a ser un partido de pocas situaciones as\u00ed que hay que aprovechar las que tengamos\u201d, imagin\u00f3, y avis\u00f3 que no influir\u00e1 que el rojinegro llegue pr\u00e1cticamente clasificado y con el sexto lugar asegurado: \u201cNo, perjudicar no, mucho no nos vamos a fijar en como vengan a jugar ellos, vamos a salir hacer lo nuestro, buscar los tres puntos que nos pueden acomodar a nosotros\u201d.<\/p>\n\n\n\n<p>Acerca del conjunto de Gustavo Raggio, Fabricio lo analiz\u00f3: \u201cUn equipo que en ataque sabe buscar los espacios, hay que estar cortos, tienen varios jugadores que son desequilibrantes. Hay que hacernos fuertes en la zona media y nosotros tenemos lo nuestro para complicarlos\u201d, se\u00f1al\u00f3, y en el cierre dej\u00f3 en claro que no especular\u00e1n con los resultados puestos del resto de la jornada: \u201cNosotros vamos a salir a ganar sea el entorno que sea y el contexto que sea, no va a cambiar en nada, vamos a tratar de conseguir los tres puntos y m\u00e1s con nuestra. No hay nada que nos detenga para conseguir los tres puntos\u201d.<\/p>\n","protected":false},"excerpt":{"rendered":"<p>El arquero de Central Norte, Fabricio Hass, pas\u00f3 por los micr\u00f3fonos de La Gloria o Devoto y dej\u00f3 en claro que m\u00e1s all\u00e1 de jugar ante Douglas el domingo a las 18 horas con los resultados puestos de la fecha, ello no gravitar\u00e1 en el objetivo de salir a ganar los tres puntos para quedarse [&hellip;]<\/p>\n","protected":false},"author":7,"featured_media":5596,"comment_status":"open","ping_status":"open","sticky":false,"template":"","format":"standard","meta":{"_monsterinsights_skip_tracking":false,"_monsterinsights_sitenote_active":false,"_monsterinsights_sitenote_note":"","_monsterinsights_sitenote_category":0,"footnotes":""},"categories":[7],"tags":[170],"class_list":["post-5595","post","type-post","status-publish","format-standard","has-post-thumbnail","hentry","category-deportes","tag-170"],"_links":{"self":[{"href":"https:\/\/news.digitaltv.com.ar\/index.php?rest_route=\/wp\/v2\/posts\/5595","targetHints":{"allow":["GET"]}}],"collection":[{"href":"https:\/\/news.digitaltv.com.ar\/index.php?rest_route=\/wp\/v2\/posts"}],"about":[{"href":"https:\/\/news.digitaltv.com.ar\/index.php?rest_route=\/wp\/v2\/types\/post"}],"author":[{"embeddable":true,"href":"https:\/\/news.digitaltv.com.ar\/index.php?rest_route=\/wp\/v2\/users\/7"}],"replies":[{"embeddable":true,"href":"https:\/\/news.digitaltv.com.ar\/index.php?rest_route=%2Fwp%2Fv2%2Fcomments&post=5595"}],"version-history":[{"count":1,"href":"https:\/\/news.digitaltv.com.ar\/index.php?rest_route=\/wp\/v2\/posts\/5595\/revisions"}],"predecessor-version":[{"id":5597,"href":"https:\/\/news.digitaltv.com.ar\/index.php?rest_route=\/wp\/v2\/posts\/5595\/revisions\/5597"}],"wp:featuredmedia":[{"embeddable":true,"href":"https:\/\/news.digitaltv.com.ar\/index.php?rest_route=\/wp\/v2\/media\/5596"}],"wp:attachment":[{"href":"https:\/\/news.digitaltv.com.ar\/index.php?rest_route=%2Fwp%2Fv2%2Fmedia&parent=5595"}],"wp:term":[{"taxonomy":"category","embeddable":true,"href":"https:\/\/news.digitaltv.com.ar\/index.php?rest_route=%2Fwp%2Fv2%2Fcategories&post=5595"},{"taxonomy":"post_tag","embeddable":true,"href":"https:\/\/news.digitaltv.com.ar\/index.php?rest_route=%2Fwp%2Fv2%2Ftags&post=5595"}],"curies":[{"name":"wp","href":"https:\/\/api.w.org\/{rel}","templated":true}]}}