{"id":5680,"date":"2022-10-18T17:46:26","date_gmt":"2022-10-18T20:46:26","guid":{"rendered":"https:\/\/news.digitaltv.com.ar\/?p=5680"},"modified":"2022-10-22T10:50:44","modified_gmt":"2022-10-22T13:50:44","slug":"enrique-schierloh-dirigente-social-y-referente-de-la-lista-roja-en-celp","status":"publish","type":"post","link":"https:\/\/news.digitaltv.com.ar\/?p=5680","title":{"rendered":"ENRIQUE SCHIERLOH, DIRIGENTE SOCIAL Y REFERENTE DE LA LISTA ROJA EN CELP"},"content":{"rendered":"\n<h2 class=\"wp-block-heading\">&#8220;<em>Para ponerle nombre y apellido la lista de Mart\u00ednez que ser\u00eda la Violeta y la Azul y Blanca son lo mismo. De hecho son socios en el desastre que hicieron y despu\u00e9s se pelearon , pero son responsables por igual<\/em>&#8220;<\/h2>\n\n\n\n<p>En nota por radio Data Digital, el dirigente social Enrique Schierloh comenz\u00f3 contando cu\u00e1l es su rol dentro del armado de la Lista Roja: \u201c<em>Lo que hicimos nosotros fue atender la demanda de los vecinos autoconvocados con los que compartimos la mirada de que hay que darle un cambio a la Cooperativa y de ese origen termino saliendo esta Lista Roja que tiene propuestas firmes\u201d.<\/em><\/p>\n\n\n\n<p><em>\u201cLo que queremos es que la Cooperativa sea lo que supo ser, daba cr\u00e9ditos para electrodom\u00e9sticos, entregaba becas, sala de salud, festivales barriales, deberes sociales, esa Cooperativa comprometida con la sociedad y no lo de hoy que casi parece una empresa privada con una deuda que es un disparate\u201d<\/em>, expres\u00f3.<\/p>\n\n\n\n<p>Hablando de las listas contrincantes Schierloh dijo: <em>\u201cPara ponerle nombre y apellido la lista de Mart\u00ednez que ser\u00eda la Violeta y la Azul y Blanca son lo mismo. De hecho son socios en el desastre que hicieron y despu\u00e9s se pelearon , pero son responsables por igual\u201d.<\/em><\/p>\n\n\n\n<p>Asimismo asever\u00f3 que <em>\u201clo primero que hay que hacer es recuperar la divisi\u00f3n vial, lo segundo anular la cuota de capitalizaci\u00f3n\u201d.<\/em><\/p>\n\n\n\n<p>Haciendo alusi\u00f3n al gerente de &nbsp;la Celp que sali\u00f3 en los medios corriendo una marat\u00f3n en Hawai, &nbsp;afirm\u00f3: <em>\u201cYo no tengo nada en contra de la gente que quiere hacer plata pero que se dedique de lleno eso, pero el que quiere hacer pol\u00edtica no puede hacerse millonario y por otro lado la sociedad demanda gestos, porque uno puede discutir en t\u00e9rminos jur\u00eddicos y \u00e9ticos la acci\u00f3n de un dirigente, \u00b4che la verdad que ten\u00e9s todo el derecho&nbsp; de hacer lo que quieras\u00b4 <\/em>Y agreg\u00f3<em>: \u201cAunque del otro lado me digan que tiene todo el derecho hay que ser cuidadosos porque el sueldo lo paga la ciudadan\u00eda. Si a m\u00ed me sacaran una foto paseando por Londres no me lo perdonar\u00edan me ponen en la tapa del diario y me prenden fuego, pero bueno esa es la impunidad del poder\u201d.<\/em><\/p>\n\n\n\n<blockquote class=\"wp-block-quote is-layout-flow wp-block-quote-is-layout-flow\"><p>\u201cEn semejante crisis de la Cooperativa El\u00e9ctrica la sociedad no ve con buenos ojos que vos te vayas a pasear. Lo hacen porque est\u00e1n desconectados de la realidad\u201d<\/p><\/blockquote>\n\n\n\n<p>Para finalizar Schierloh coment\u00f3 que <em>\u201cel consejo de administraci\u00f3n tiene cinco personas que son de Javier Mart\u00ednez y cuando se propuso votar a favor del troquelado para sacar el alumbrado p\u00fablico de la boleta esos cinco votaron para el lado del oficialismo. \u00bfEntonces como es? \u00bfEst\u00e1s peleado un rato si y un rato no? Lo que veo es que cuando se arreglen van a volver a dejar todo como estaba\u201d, &nbsp;<\/em>remat\u00f3.<\/p>\n","protected":false},"excerpt":{"rendered":"<p>&#8220;Para ponerle nombre y apellido la lista de Mart\u00ednez que ser\u00eda la Violeta y la Azul y Blanca son lo mismo. De hecho son socios en el desastre que hicieron y despu\u00e9s se pelearon , pero son responsables por igual&#8220; En nota por radio Data Digital, el dirigente social Enrique Schierloh comenz\u00f3 contando cu\u00e1l es [&hellip;]<\/p>\n","protected":false},"author":8,"featured_media":5686,"comment_status":"open","ping_status":"open","sticky":false,"template":"","format":"standard","meta":{"_monsterinsights_skip_tracking":false,"_monsterinsights_sitenote_active":false,"_monsterinsights_sitenote_note":"","_monsterinsights_sitenote_category":0,"footnotes":""},"categories":[6],"tags":[159],"class_list":["post-5680","post","type-post","status-publish","format-standard","has-post-thumbnail","hentry","category-politica","tag-159"],"_links":{"self":[{"href":"https:\/\/news.digitaltv.com.ar\/index.php?rest_route=\/wp\/v2\/posts\/5680","targetHints":{"allow":["GET"]}}],"collection":[{"href":"https:\/\/news.digitaltv.com.ar\/index.php?rest_route=\/wp\/v2\/posts"}],"about":[{"href":"https:\/\/news.digitaltv.com.ar\/index.php?rest_route=\/wp\/v2\/types\/post"}],"author":[{"embeddable":true,"href":"https:\/\/news.digitaltv.com.ar\/index.php?rest_route=\/wp\/v2\/users\/8"}],"replies":[{"embeddable":true,"href":"https:\/\/news.digitaltv.com.ar\/index.php?rest_route=%2Fwp%2Fv2%2Fcomments&post=5680"}],"version-history":[{"count":4,"href":"https:\/\/news.digitaltv.com.ar\/index.php?rest_route=\/wp\/v2\/posts\/5680\/revisions"}],"predecessor-version":[{"id":5688,"href":"https:\/\/news.digitaltv.com.ar\/index.php?rest_route=\/wp\/v2\/posts\/5680\/revisions\/5688"}],"wp:featuredmedia":[{"embeddable":true,"href":"https:\/\/news.digitaltv.com.ar\/index.php?rest_route=\/wp\/v2\/media\/5686"}],"wp:attachment":[{"href":"https:\/\/news.digitaltv.com.ar\/index.php?rest_route=%2Fwp%2Fv2%2Fmedia&parent=5680"}],"wp:term":[{"taxonomy":"category","embeddable":true,"href":"https:\/\/news.digitaltv.com.ar\/index.php?rest_route=%2Fwp%2Fv2%2Fcategories&post=5680"},{"taxonomy":"post_tag","embeddable":true,"href":"https:\/\/news.digitaltv.com.ar\/index.php?rest_route=%2Fwp%2Fv2%2Ftags&post=5680"}],"curies":[{"name":"wp","href":"https:\/\/api.w.org\/{rel}","templated":true}]}}