{"id":5691,"date":"2022-10-19T13:35:38","date_gmt":"2022-10-19T16:35:38","guid":{"rendered":"https:\/\/news.digitaltv.com.ar\/?p=5691"},"modified":"2022-10-21T11:11:31","modified_gmt":"2022-10-21T14:11:31","slug":"la-lista-encabezada-por-hector-recalde-gano-las-elecciones-para-el-consejo-de-la-magistratura-de-la-nacion-en-pergamino","status":"publish","type":"post","link":"https:\/\/news.digitaltv.com.ar\/?p=5691","title":{"rendered":"LA LISTA ENCABEZADA POR HECTOR RECALDE GANO LAS ELECCIONES PARA EL CONSEJO DE LA MAGISTRATURA DE LA NACION EN  PERGAMINO"},"content":{"rendered":"\n<h2 class=\"wp-block-heading\"><\/h2>\n\n\n\n<p>En el d\u00eda de ayer 18 de octubre de 2022, se llevaron adelante las elecciones de abogados de la &nbsp;matricula federal, &nbsp;para el Consejo de la Magistratura de la Naci\u00f3n. En pergamino &nbsp;se vot\u00f3 en la sede del Colegio de Abogados local y result\u00f3 ganadora con 54 votos, la lista encabezada por Hector Recalde, hist\u00f3rico &nbsp;abogado laboralista, de extracci\u00f3n peronista y que se referencia en el kirchnersimo. En segundo lugar se ubico la lista de Miguel Piedecasas, con 47 votos, apoyada por Juntos por el Cambio &nbsp;y en tercer lugar Alejandra V\u00e1zquez, con 26 votos, de origen acad\u00e9mico, referenciada en el Massismo.<\/p>\n\n\n\n<p><\/p>\n\n\n\n<blockquote class=\"wp-block-quote is-layout-flow wp-block-quote-is-layout-flow\"><p><\/p><\/blockquote>\n\n\n\n<figure class=\"wp-block-image size-full\"><img loading=\"lazy\" decoding=\"async\" width=\"740\" height=\"537\" src=\"https:\/\/news.digitaltv.com.ar\/wp-content\/uploads\/2022\/10\/acta.jpeg\" alt=\"\" class=\"wp-image-5693\" srcset=\"https:\/\/news.digitaltv.com.ar\/wp-content\/uploads\/2022\/10\/acta.jpeg 740w, https:\/\/news.digitaltv.com.ar\/wp-content\/uploads\/2022\/10\/acta-300x218.jpeg 300w\" sizes=\"auto, (max-width: 740px) 100vw, 740px\" \/><\/figure>\n\n\n\n<p>La lista que resulto ganadora en lo local, encabezada por Recalde, cont\u00f3 con el apoyo de abogados locales como Guillermo Aiello &#8211; ex Presidente del Colegio de Abogados de Pergamino &#8211;  Macarena Garcia Santader y Victor Savignano, de Colon entre muchos otros. La que termino segunda en los comicios, encabezada por Piedecasas era acompa\u00f1ada por abogados del PRO y del Radicalismo, entre ellos Javier Martinez,  Hector Maria Gutierrez y  Francisco Illia, asi como por el actual Presidente del  Colegio de Abogados de Pergamino, Damian Pimpinatti, que hasta trajo a Piedecasas  en campa\u00f1a. A su vez la lista que termino tercera, encabezada por Vazquez, fue apoyada por referentes del area academica de la UNNOBA &#8211; ya que Vazquez es decana de la Facultad de Derecho de Lomas de Zamora &#8211; y  el abogado local Maximiliano Brajer.<\/p>\n\n\n\n<blockquote class=\"wp-block-quote is-layout-flow wp-block-quote-is-layout-flow\"><p>Consultados los referentes locales &nbsp;de la lista vencedora, manifestaron: \u201cEsta &nbsp;victoria fue posible gracias al trabajo de muchos compa\u00f1eros y compa\u00f1eras abogados peronistas, tanto jovenes como los de m\u00e1s experiencia, que contra todo pron\u00f3stico, desde hace un tiempo se viene&nbsp; reuniendo con sus colegas, en una pelea voto a voto. Este es un resultado hist\u00f3rico en el &nbsp;departamento judicial Pergamino-Colon.\u201d<\/p><\/blockquote>\n\n\n\n<p>La elecci\u00f3n de los abogados a nivel nacional, sumados todos los votos de los diferentes Colegios que integran la Federacion Argentina de Colegios de Abogados &#8211; FACA &#8211;  la gan\u00f3 la lista que apoyaba Juntos por el Cambio. La dupla&nbsp;Miguel Piedecasas, de la UCR, y&nbsp;Jimena de la Torre, del PRO y lo dos estar\u00e1n en el Consejo para el per\u00edodo 2022-2026.  Ese espacio revalid\u00f3 dos lugares de los tres que tiene actualmente en el organismo. Por lo que perdi\u00f3 un consejero.<\/p>\n\n\n\n<p>Los otros dos abogados que ingresan al Consejo son&nbsp;<strong>H\u00e9ctor Recalde<\/strong>, tambi\u00e9n ex consejero y diputado nacional, que sali\u00f3 segundo en la elecci\u00f3n y cont\u00f3 con el apoyo del gobierno nacional, principalmente de La C\u00e1mpora, y Mar\u00eda&nbsp;<strong>Fernanda V\u00e1zquez<\/strong>, que sali\u00f3 tercera, apoyada por el Massismo.<\/p>\n","protected":false},"excerpt":{"rendered":"<p>En el d\u00eda de ayer 18 de octubre de 2022, se llevaron adelante las elecciones de abogados de la &nbsp;matricula federal, &nbsp;para el Consejo de la Magistratura de la Naci\u00f3n. En pergamino &nbsp;se vot\u00f3 en la sede del Colegio de Abogados local y result\u00f3 ganadora con 54 votos, la lista encabezada por Hector Recalde, hist\u00f3rico [&hellip;]<\/p>\n","protected":false},"author":8,"featured_media":5692,"comment_status":"open","ping_status":"open","sticky":false,"template":"","format":"standard","meta":{"_monsterinsights_skip_tracking":false,"_monsterinsights_sitenote_active":false,"_monsterinsights_sitenote_note":"","_monsterinsights_sitenote_category":0,"footnotes":""},"categories":[6],"tags":[159],"class_list":["post-5691","post","type-post","status-publish","format-standard","has-post-thumbnail","hentry","category-politica","tag-159"],"_links":{"self":[{"href":"https:\/\/news.digitaltv.com.ar\/index.php?rest_route=\/wp\/v2\/posts\/5691","targetHints":{"allow":["GET"]}}],"collection":[{"href":"https:\/\/news.digitaltv.com.ar\/index.php?rest_route=\/wp\/v2\/posts"}],"about":[{"href":"https:\/\/news.digitaltv.com.ar\/index.php?rest_route=\/wp\/v2\/types\/post"}],"author":[{"embeddable":true,"href":"https:\/\/news.digitaltv.com.ar\/index.php?rest_route=\/wp\/v2\/users\/8"}],"replies":[{"embeddable":true,"href":"https:\/\/news.digitaltv.com.ar\/index.php?rest_route=%2Fwp%2Fv2%2Fcomments&post=5691"}],"version-history":[{"count":7,"href":"https:\/\/news.digitaltv.com.ar\/index.php?rest_route=\/wp\/v2\/posts\/5691\/revisions"}],"predecessor-version":[{"id":5703,"href":"https:\/\/news.digitaltv.com.ar\/index.php?rest_route=\/wp\/v2\/posts\/5691\/revisions\/5703"}],"wp:featuredmedia":[{"embeddable":true,"href":"https:\/\/news.digitaltv.com.ar\/index.php?rest_route=\/wp\/v2\/media\/5692"}],"wp:attachment":[{"href":"https:\/\/news.digitaltv.com.ar\/index.php?rest_route=%2Fwp%2Fv2%2Fmedia&parent=5691"}],"wp:term":[{"taxonomy":"category","embeddable":true,"href":"https:\/\/news.digitaltv.com.ar\/index.php?rest_route=%2Fwp%2Fv2%2Fcategories&post=5691"},{"taxonomy":"post_tag","embeddable":true,"href":"https:\/\/news.digitaltv.com.ar\/index.php?rest_route=%2Fwp%2Fv2%2Ftags&post=5691"}],"curies":[{"name":"wp","href":"https:\/\/api.w.org\/{rel}","templated":true}]}}